{"id":4934,"date":"2020-06-30T13:59:58","date_gmt":"2020-06-30T11:59:58","guid":{"rendered":"https:\/\/www.aequivalent.ch\/?p=4934"},"modified":"2025-08-28T16:13:54","modified_gmt":"2025-08-28T14:13:54","slug":"mise-a-jour-declaration-de-consentement-la-protection-de-vos-donnees-est-notre-priorite","status":"publish","type":"post","link":"https:\/\/www.aequivalent.ch\/fr\/mise-a-jour-declaration-de-consentement-la-protection-de-vos-donnees-est-notre-priorite\/","title":{"rendered":"Mise \u00e0 jour &#8211; D\u00e9claration de Consentement \u2013 La protection de vos donn\u00e9es est notre priorit\u00e9."},"content":{"rendered":"<p><div class=\"fusion-fullwidth fullwidth-box fusion-builder-row-1 nonhundred-percent-fullwidth non-hundred-percent-height-scrolling\" style=\"--awb-border-radius-top-left:0px;--awb-border-radius-top-right:0px;--awb-border-radius-bottom-right:0px;--awb-border-radius-bottom-left:0px;--awb-flex-wrap:wrap;\" ><div class=\"fusion-builder-row fusion-row\"><div class=\"fusion-layout-column fusion_builder_column fusion-builder-column-0 fusion_builder_column_1_1 1_1 fusion-one-full fusion-column-first fusion-column-last\" style=\"--awb-bg-size:cover;\"><div class=\"fusion-column-wrapper fusion-column-has-shadow fusion-flex-column-wrapper-legacy\"><div class=\"fusion-text fusion-text-1\"><div class=\"\">\n<p>Nous vous informons qu\u2019Aequivalent SA a actualis\u00e9 la d\u00e9claration de consentement qui est destin\u00e9e aux personnes sujettes aux programmes de v\u00e9rification des ant\u00e9c\u00e9dents.<\/p>\n<\/div>\n<p>La nouvelle d\u00e9claration de consentement entre en vigueur au <strong>1er juillet 2020<\/strong>.<\/p>\n<p>Voici les points qui ont \u00e9t\u00e9 modifi\u00e9s ou clarifi\u00e9s dans la nouvelle version :<\/p>\n<ul>\n<li style=\"text-align: left;\">Limitation et sp\u00e9cification des donn\u00e9es trait\u00e9es : seules les informations transmises par la personne concern\u00e9e et pr\u00e9vues par les programmes s\u00e9lectionn\u00e9s par le client, sont v\u00e9rifi\u00e9es et trait\u00e9es.<\/li>\n<li>Limitation de la d\u00e9claration de consentement dans le temps (et \u00e0 la proc\u00e9dure de v\u00e9rification en cours).<\/li>\n<li style=\"text-align: left;\">Pr\u00e9cision et confirmation de l\u2019irr\u00e9versibilit\u00e9 de la suppression et anonymisation des donn\u00e9es.<\/li>\n<li style=\"text-align: left;\">Confirmation explicite que les donn\u00e9es sont trait\u00e9es en conformit\u00e9 avec la l\u00e9gislation sur la protection des donn\u00e9es.<\/li>\n<li style=\"text-align: left;\">N\u00e9cessit\u00e9 de signature par un repr\u00e9sentant l\u00e9gal pour les mineurs.<\/li>\n<li style=\"text-align: left;\">Uniformisation des d\u00e9clarations de consentement et des fors pour les diff\u00e9rents programmes de v\u00e9rification (\u00ab pre-employment \u00bb et \u00ab in-employment \u00bb).<\/li>\n<li style=\"text-align: left;\">Version fran\u00e7aise, allemande et anglaise dans un seul document.<\/li>\n<\/ul>\n<p>Nous vous remercions pour votre confiance.<\/p>\n<p>Pour plus d&rsquo;informations, Mahandry RAMBININTSOA, Data Protection Officer d&rsquo;Aequivalent SA, reste \u00e0 votre disposition.<\/p>\n<p>Vous pouvez le contacter <a style=\"color: #9e1510; font-size: 18px; text-decoration: underline;\" href=\"https:\/\/www.aequivalent.ch\/fr\/contact\/\">ICI<\/a>.<\/p>\n<\/div><div class=\"fusion-clearfix\"><\/div><\/div><\/div><\/div><\/div><div class=\"fusion-fullwidth fullwidth-box fusion-builder-row-2 fusion-flex-container nonhundred-percent-fullwidth non-hundred-percent-height-scrolling\" style=\"--awb-border-radius-top-left:0px;--awb-border-radius-top-right:0px;--awb-border-radius-bottom-right:0px;--awb-border-radius-bottom-left:0px;--awb-margin-bottom:-60px;--awb-flex-wrap:wrap;\" ><div class=\"fusion-builder-row fusion-row fusion-flex-align-items-flex-start fusion-flex-content-wrap\" style=\"max-width:1206.4px;margin-left: calc(-4% \/ 2 );margin-right: calc(-4% \/ 2 );\"><div class=\"fusion-layout-column fusion_builder_column fusion-builder-column-1 fusion_builder_column_1_1 1_1 fusion-flex-column\" style=\"--awb-bg-size:cover;--awb-width-large:100%;--awb-margin-top-large:25px;--awb-spacing-right-large:1.92%;--awb-margin-bottom-large:-20px;--awb-spacing-left-large:1.92%;--awb-width-medium:100%;--awb-order-medium:0;--awb-spacing-right-medium:1.92%;--awb-spacing-left-medium:1.92%;--awb-width-small:100%;--awb-order-small:0;--awb-spacing-right-small:1.92%;--awb-spacing-left-small:1.92%;\"><div class=\"fusion-column-wrapper fusion-column-has-shadow fusion-flex-justify-content-flex-start fusion-content-layout-column\"><div class=\"fusion-separator fusion-full-width-sep\" style=\"align-self: center;margin-left: auto;margin-right: auto;width:100%;max-width:100%;\"><div class=\"fusion-separator-border sep-single sep-solid\" style=\"--awb-height:20px;--awb-amount:20px;border-color:#9e1510;border-top-width:1px;\"><\/div><\/div><\/div><\/div><div class=\"fusion-layout-column fusion_builder_column fusion-builder-column-2 fusion_builder_column_1_2 1_2 fusion-flex-column\" style=\"--awb-bg-size:cover;--awb-width-large:50%;--awb-margin-top-large:25px;--awb-spacing-right-large:3.84%;--awb-margin-bottom-large:25px;--awb-spacing-left-large:3.84%;--awb-width-medium:100%;--awb-order-medium:0;--awb-spacing-right-medium:1.92%;--awb-spacing-left-medium:1.92%;--awb-width-small:100%;--awb-order-small:0;--awb-spacing-right-small:1.92%;--awb-spacing-left-small:1.92%;\"><div class=\"fusion-column-wrapper fusion-column-has-shadow fusion-flex-justify-content-flex-start fusion-content-layout-column\"><div class=\"fusion-text fusion-text-2\"><p style=\"text-align: left; font-size: 14px;\">Date de publication : 30.06.2020<\/p>\n<\/div><\/div><\/div><div class=\"fusion-layout-column fusion_builder_column fusion-builder-column-3 fusion_builder_column_1_2 1_2 fusion-flex-column\" style=\"--awb-bg-size:cover;--awb-width-large:50%;--awb-margin-top-large:25px;--awb-spacing-right-large:3.84%;--awb-margin-bottom-large:25px;--awb-spacing-left-large:3.84%;--awb-width-medium:100%;--awb-order-medium:0;--awb-spacing-right-medium:1.92%;--awb-spacing-left-medium:1.92%;--awb-width-small:100%;--awb-order-small:0;--awb-spacing-right-small:1.92%;--awb-spacing-left-small:1.92%;\"><div class=\"fusion-column-wrapper fusion-column-has-shadow fusion-flex-justify-content-flex-start fusion-content-layout-column\"><div class=\"fusion-text fusion-text-3\"><p style=\"text-align: right; font-size: 14px;\">Auteur : \u00e9quipe marketing et commerciale d&rsquo;Aequivalent<\/p>\n<\/div><\/div><\/div><\/div><\/div><\/p>\n","protected":false},"excerpt":{"rendered":"","protected":false},"author":6,"featured_media":4927,"comment_status":"closed","ping_status":"open","sticky":false,"template":"","format":"standard","meta":{"footnotes":""},"categories":[210],"tags":[],"class_list":["post-4934","post","type-post","status-publish","format-standard","has-post-thumbnail","hentry","category-publications"],"yoast_head":"<!-- This site is optimized with the Yoast SEO Premium plugin v27.4 (Yoast SEO v27.5) - https:\/\/yoast.com\/product\/yoast-seo-premium-wordpress\/ -->\n<title>D\u00e9claration de Consentement mise \u00e0 jour | Aequivalent<\/title>\n<meta name=\"description\" content=\"Aequivalent SA a actualis\u00e9 la d\u00e9claration de consentement destin\u00e9e aux personnes sujettes aux programmes de v\u00e9rification des ant\u00e9c\u00e9dents.\" \/>\n<meta name=\"robots\" content=\"noindex, nofollow\" \/>\n<meta property=\"og:locale\" content=\"fr_FR\" \/>\n<meta property=\"og:type\" content=\"article\" \/>\n<meta property=\"og:title\" content=\"Mise \u00e0 jour - D\u00e9claration de Consentement \u2013 La protection de vos donn\u00e9es est notre priorit\u00e9.\" \/>\n<meta property=\"og:description\" content=\"Aequivalent SA a actualis\u00e9 la d\u00e9claration de consentement destin\u00e9e aux personnes sujettes aux programmes de v\u00e9rification des ant\u00e9c\u00e9dents.\" \/>\n<meta property=\"og:url\" content=\"https:\/\/www.aequivalent.ch\/fr\/mise-a-jour-declaration-de-consentement-la-protection-de-vos-donnees-est-notre-priorite\/\" \/>\n<meta property=\"og:site_name\" content=\"Aequivalent\" \/>\n<meta property=\"article:published_time\" content=\"2020-06-30T11:59:58+00:00\" \/>\n<meta property=\"article:modified_time\" content=\"2025-08-28T14:13:54+00:00\" \/>\n<meta property=\"og:image\" content=\"https:\/\/www.aequivalent.ch\/wp-content\/uploads\/2020\/06\/dataprotection2-1.png\" \/>\n\t<meta property=\"og:image:width\" content=\"1100\" \/>\n\t<meta property=\"og:image:height\" content=\"623\" \/>\n\t<meta property=\"og:image:type\" content=\"image\/png\" \/>\n<meta name=\"author\" content=\"Webmaster\" \/>\n<meta name=\"twitter:card\" content=\"summary_large_image\" \/>\n<meta name=\"twitter:label1\" content=\"\u00c9crit par\" \/>\n\t<meta name=\"twitter:data1\" content=\"Webmaster\" \/>\n\t<meta name=\"twitter:label2\" content=\"Dur\u00e9e de lecture estim\u00e9e\" \/>\n\t<meta name=\"twitter:data2\" content=\"4 minutes\" \/>\n<script type=\"application\/ld+json\" class=\"yoast-schema-graph\">{\"@context\":\"https:\\\/\\\/schema.org\",\"@graph\":[{\"@type\":\"Article\",\"@id\":\"https:\\\/\\\/www.aequivalent.ch\\\/fr\\\/mise-a-jour-declaration-de-consentement-la-protection-de-vos-donnees-est-notre-priorite\\\/#article\",\"isPartOf\":{\"@id\":\"https:\\\/\\\/www.aequivalent.ch\\\/fr\\\/mise-a-jour-declaration-de-consentement-la-protection-de-vos-donnees-est-notre-priorite\\\/\"},\"author\":{\"name\":\"Webmaster\",\"@id\":\"https:\\\/\\\/www.aequivalent.ch\\\/fr\\\/#\\\/schema\\\/person\\\/a4ccfd8bd331104156059d50761eab76\"},\"headline\":\"Mise \u00e0 jour &#8211; D\u00e9claration de Consentement \u2013 La protection de vos donn\u00e9es est notre priorit\u00e9.\",\"datePublished\":\"2020-06-30T11:59:58+00:00\",\"dateModified\":\"2025-08-28T14:13:54+00:00\",\"mainEntityOfPage\":{\"@id\":\"https:\\\/\\\/www.aequivalent.ch\\\/fr\\\/mise-a-jour-declaration-de-consentement-la-protection-de-vos-donnees-est-notre-priorite\\\/\"},\"wordCount\":1809,\"publisher\":{\"@id\":\"https:\\\/\\\/www.aequivalent.ch\\\/fr\\\/#organization\"},\"image\":{\"@id\":\"https:\\\/\\\/www.aequivalent.ch\\\/fr\\\/mise-a-jour-declaration-de-consentement-la-protection-de-vos-donnees-est-notre-priorite\\\/#primaryimage\"},\"thumbnailUrl\":\"https:\\\/\\\/www.aequivalent.ch\\\/wp-content\\\/uploads\\\/2020\\\/06\\\/dataprotection2-1.png\",\"articleSection\":[\"Publications\"],\"inLanguage\":\"fr-FR\"},{\"@type\":\"WebPage\",\"@id\":\"https:\\\/\\\/www.aequivalent.ch\\\/fr\\\/mise-a-jour-declaration-de-consentement-la-protection-de-vos-donnees-est-notre-priorite\\\/\",\"url\":\"https:\\\/\\\/www.aequivalent.ch\\\/fr\\\/mise-a-jour-declaration-de-consentement-la-protection-de-vos-donnees-est-notre-priorite\\\/\",\"name\":\"D\u00e9claration de Consentement mise \u00e0 jour | Aequivalent\",\"isPartOf\":{\"@id\":\"https:\\\/\\\/www.aequivalent.ch\\\/fr\\\/#website\"},\"primaryImageOfPage\":{\"@id\":\"https:\\\/\\\/www.aequivalent.ch\\\/fr\\\/mise-a-jour-declaration-de-consentement-la-protection-de-vos-donnees-est-notre-priorite\\\/#primaryimage\"},\"image\":{\"@id\":\"https:\\\/\\\/www.aequivalent.ch\\\/fr\\\/mise-a-jour-declaration-de-consentement-la-protection-de-vos-donnees-est-notre-priorite\\\/#primaryimage\"},\"thumbnailUrl\":\"https:\\\/\\\/www.aequivalent.ch\\\/wp-content\\\/uploads\\\/2020\\\/06\\\/dataprotection2-1.png\",\"datePublished\":\"2020-06-30T11:59:58+00:00\",\"dateModified\":\"2025-08-28T14:13:54+00:00\",\"description\":\"Aequivalent SA a actualis\u00e9 la d\u00e9claration de consentement destin\u00e9e aux personnes sujettes aux programmes de v\u00e9rification des ant\u00e9c\u00e9dents.\",\"breadcrumb\":{\"@id\":\"https:\\\/\\\/www.aequivalent.ch\\\/fr\\\/mise-a-jour-declaration-de-consentement-la-protection-de-vos-donnees-est-notre-priorite\\\/#breadcrumb\"},\"inLanguage\":\"fr-FR\",\"potentialAction\":[{\"@type\":\"ReadAction\",\"target\":[\"https:\\\/\\\/www.aequivalent.ch\\\/fr\\\/mise-a-jour-declaration-de-consentement-la-protection-de-vos-donnees-est-notre-priorite\\\/\"]}]},{\"@type\":\"ImageObject\",\"inLanguage\":\"fr-FR\",\"@id\":\"https:\\\/\\\/www.aequivalent.ch\\\/fr\\\/mise-a-jour-declaration-de-consentement-la-protection-de-vos-donnees-est-notre-priorite\\\/#primaryimage\",\"url\":\"https:\\\/\\\/www.aequivalent.ch\\\/wp-content\\\/uploads\\\/2020\\\/06\\\/dataprotection2-1.png\",\"contentUrl\":\"https:\\\/\\\/www.aequivalent.ch\\\/wp-content\\\/uploads\\\/2020\\\/06\\\/dataprotection2-1.png\",\"width\":1100,\"height\":623,\"caption\":\"D\u00e9claration de consentement - Aequivalent\"},{\"@type\":\"BreadcrumbList\",\"@id\":\"https:\\\/\\\/www.aequivalent.ch\\\/fr\\\/mise-a-jour-declaration-de-consentement-la-protection-de-vos-donnees-est-notre-priorite\\\/#breadcrumb\",\"itemListElement\":[{\"@type\":\"ListItem\",\"position\":1,\"name\":\"Home\",\"item\":\"https:\\\/\\\/www.aequivalent.ch\\\/fr\\\/\"},{\"@type\":\"ListItem\",\"position\":2,\"name\":\"Mise \u00e0 jour &#8211; D\u00e9claration de Consentement \u2013 La protection de vos donn\u00e9es est notre priorit\u00e9.\"}]},{\"@type\":\"WebSite\",\"@id\":\"https:\\\/\\\/www.aequivalent.ch\\\/fr\\\/#website\",\"url\":\"https:\\\/\\\/www.aequivalent.ch\\\/fr\\\/\",\"name\":\"Aequivalent\",\"description\":\"Quality in employment\",\"publisher\":{\"@id\":\"https:\\\/\\\/www.aequivalent.ch\\\/fr\\\/#organization\"},\"potentialAction\":[{\"@type\":\"SearchAction\",\"target\":{\"@type\":\"EntryPoint\",\"urlTemplate\":\"https:\\\/\\\/www.aequivalent.ch\\\/fr\\\/?s={search_term_string}\"},\"query-input\":{\"@type\":\"PropertyValueSpecification\",\"valueRequired\":true,\"valueName\":\"search_term_string\"}}],\"inLanguage\":\"fr-FR\"},{\"@type\":\"Organization\",\"@id\":\"https:\\\/\\\/www.aequivalent.ch\\\/fr\\\/#organization\",\"name\":\"Aequivalent\",\"url\":\"https:\\\/\\\/www.aequivalent.ch\\\/fr\\\/\",\"logo\":{\"@type\":\"ImageObject\",\"inLanguage\":\"fr-FR\",\"@id\":\"https:\\\/\\\/www.aequivalent.ch\\\/fr\\\/#\\\/schema\\\/logo\\\/image\\\/\",\"url\":\"https:\\\/\\\/www.aequivalent.ch\\\/wp-content\\\/uploads\\\/2021\\\/11\\\/logotype-aeq-rvb-bleu-300.png\",\"contentUrl\":\"https:\\\/\\\/www.aequivalent.ch\\\/wp-content\\\/uploads\\\/2021\\\/11\\\/logotype-aeq-rvb-bleu-300.png\",\"width\":8000,\"height\":1479,\"caption\":\"Aequivalent\"},\"image\":{\"@id\":\"https:\\\/\\\/www.aequivalent.ch\\\/fr\\\/#\\\/schema\\\/logo\\\/image\\\/\"}},{\"@type\":\"Person\",\"@id\":\"https:\\\/\\\/www.aequivalent.ch\\\/fr\\\/#\\\/schema\\\/person\\\/a4ccfd8bd331104156059d50761eab76\",\"name\":\"Webmaster\",\"image\":{\"@type\":\"ImageObject\",\"inLanguage\":\"fr-FR\",\"@id\":\"https:\\\/\\\/secure.gravatar.com\\\/avatar\\\/73d9711e06196cb069fb6ed94908e1dd1c482ba9be5c3f40339a94871bd8fab2?s=96&d=mm&r=g\",\"url\":\"https:\\\/\\\/secure.gravatar.com\\\/avatar\\\/73d9711e06196cb069fb6ed94908e1dd1c482ba9be5c3f40339a94871bd8fab2?s=96&d=mm&r=g\",\"contentUrl\":\"https:\\\/\\\/secure.gravatar.com\\\/avatar\\\/73d9711e06196cb069fb6ed94908e1dd1c482ba9be5c3f40339a94871bd8fab2?s=96&d=mm&r=g\",\"caption\":\"Webmaster\"}}]}<\/script>\n<!-- \/ Yoast SEO Premium plugin. -->","yoast_head_json":{"title":"D\u00e9claration de Consentement mise \u00e0 jour | Aequivalent","description":"Aequivalent SA a actualis\u00e9 la d\u00e9claration de consentement destin\u00e9e aux personnes sujettes aux programmes de v\u00e9rification des ant\u00e9c\u00e9dents.","robots":{"index":"noindex","follow":"nofollow"},"og_locale":"fr_FR","og_type":"article","og_title":"Mise \u00e0 jour - D\u00e9claration de Consentement \u2013 La protection de vos donn\u00e9es est notre priorit\u00e9.","og_description":"Aequivalent SA a actualis\u00e9 la d\u00e9claration de consentement destin\u00e9e aux personnes sujettes aux programmes de v\u00e9rification des ant\u00e9c\u00e9dents.","og_url":"https:\/\/www.aequivalent.ch\/fr\/mise-a-jour-declaration-de-consentement-la-protection-de-vos-donnees-est-notre-priorite\/","og_site_name":"Aequivalent","article_published_time":"2020-06-30T11:59:58+00:00","article_modified_time":"2025-08-28T14:13:54+00:00","og_image":[{"width":1100,"height":623,"url":"https:\/\/www.aequivalent.ch\/wp-content\/uploads\/2020\/06\/dataprotection2-1.png","type":"image\/png"}],"author":"Webmaster","twitter_card":"summary_large_image","twitter_misc":{"\u00c9crit par":"Webmaster","Dur\u00e9e de lecture estim\u00e9e":"4 minutes"},"schema":{"@context":"https:\/\/schema.org","@graph":[{"@type":"Article","@id":"https:\/\/www.aequivalent.ch\/fr\/mise-a-jour-declaration-de-consentement-la-protection-de-vos-donnees-est-notre-priorite\/#article","isPartOf":{"@id":"https:\/\/www.aequivalent.ch\/fr\/mise-a-jour-declaration-de-consentement-la-protection-de-vos-donnees-est-notre-priorite\/"},"author":{"name":"Webmaster","@id":"https:\/\/www.aequivalent.ch\/fr\/#\/schema\/person\/a4ccfd8bd331104156059d50761eab76"},"headline":"Mise \u00e0 jour &#8211; D\u00e9claration de Consentement \u2013 La protection de vos donn\u00e9es est notre priorit\u00e9.","datePublished":"2020-06-30T11:59:58+00:00","dateModified":"2025-08-28T14:13:54+00:00","mainEntityOfPage":{"@id":"https:\/\/www.aequivalent.ch\/fr\/mise-a-jour-declaration-de-consentement-la-protection-de-vos-donnees-est-notre-priorite\/"},"wordCount":1809,"publisher":{"@id":"https:\/\/www.aequivalent.ch\/fr\/#organization"},"image":{"@id":"https:\/\/www.aequivalent.ch\/fr\/mise-a-jour-declaration-de-consentement-la-protection-de-vos-donnees-est-notre-priorite\/#primaryimage"},"thumbnailUrl":"https:\/\/www.aequivalent.ch\/wp-content\/uploads\/2020\/06\/dataprotection2-1.png","articleSection":["Publications"],"inLanguage":"fr-FR"},{"@type":"WebPage","@id":"https:\/\/www.aequivalent.ch\/fr\/mise-a-jour-declaration-de-consentement-la-protection-de-vos-donnees-est-notre-priorite\/","url":"https:\/\/www.aequivalent.ch\/fr\/mise-a-jour-declaration-de-consentement-la-protection-de-vos-donnees-est-notre-priorite\/","name":"D\u00e9claration de Consentement mise \u00e0 jour | Aequivalent","isPartOf":{"@id":"https:\/\/www.aequivalent.ch\/fr\/#website"},"primaryImageOfPage":{"@id":"https:\/\/www.aequivalent.ch\/fr\/mise-a-jour-declaration-de-consentement-la-protection-de-vos-donnees-est-notre-priorite\/#primaryimage"},"image":{"@id":"https:\/\/www.aequivalent.ch\/fr\/mise-a-jour-declaration-de-consentement-la-protection-de-vos-donnees-est-notre-priorite\/#primaryimage"},"thumbnailUrl":"https:\/\/www.aequivalent.ch\/wp-content\/uploads\/2020\/06\/dataprotection2-1.png","datePublished":"2020-06-30T11:59:58+00:00","dateModified":"2025-08-28T14:13:54+00:00","description":"Aequivalent SA a actualis\u00e9 la d\u00e9claration de consentement destin\u00e9e aux personnes sujettes aux programmes de v\u00e9rification des ant\u00e9c\u00e9dents.","breadcrumb":{"@id":"https:\/\/www.aequivalent.ch\/fr\/mise-a-jour-declaration-de-consentement-la-protection-de-vos-donnees-est-notre-priorite\/#breadcrumb"},"inLanguage":"fr-FR","potentialAction":[{"@type":"ReadAction","target":["https:\/\/www.aequivalent.ch\/fr\/mise-a-jour-declaration-de-consentement-la-protection-de-vos-donnees-est-notre-priorite\/"]}]},{"@type":"ImageObject","inLanguage":"fr-FR","@id":"https:\/\/www.aequivalent.ch\/fr\/mise-a-jour-declaration-de-consentement-la-protection-de-vos-donnees-est-notre-priorite\/#primaryimage","url":"https:\/\/www.aequivalent.ch\/wp-content\/uploads\/2020\/06\/dataprotection2-1.png","contentUrl":"https:\/\/www.aequivalent.ch\/wp-content\/uploads\/2020\/06\/dataprotection2-1.png","width":1100,"height":623,"caption":"D\u00e9claration de consentement - Aequivalent"},{"@type":"BreadcrumbList","@id":"https:\/\/www.aequivalent.ch\/fr\/mise-a-jour-declaration-de-consentement-la-protection-de-vos-donnees-est-notre-priorite\/#breadcrumb","itemListElement":[{"@type":"ListItem","position":1,"name":"Home","item":"https:\/\/www.aequivalent.ch\/fr\/"},{"@type":"ListItem","position":2,"name":"Mise \u00e0 jour &#8211; D\u00e9claration de Consentement \u2013 La protection de vos donn\u00e9es est notre priorit\u00e9."}]},{"@type":"WebSite","@id":"https:\/\/www.aequivalent.ch\/fr\/#website","url":"https:\/\/www.aequivalent.ch\/fr\/","name":"Aequivalent","description":"Quality in employment","publisher":{"@id":"https:\/\/www.aequivalent.ch\/fr\/#organization"},"potentialAction":[{"@type":"SearchAction","target":{"@type":"EntryPoint","urlTemplate":"https:\/\/www.aequivalent.ch\/fr\/?s={search_term_string}"},"query-input":{"@type":"PropertyValueSpecification","valueRequired":true,"valueName":"search_term_string"}}],"inLanguage":"fr-FR"},{"@type":"Organization","@id":"https:\/\/www.aequivalent.ch\/fr\/#organization","name":"Aequivalent","url":"https:\/\/www.aequivalent.ch\/fr\/","logo":{"@type":"ImageObject","inLanguage":"fr-FR","@id":"https:\/\/www.aequivalent.ch\/fr\/#\/schema\/logo\/image\/","url":"https:\/\/www.aequivalent.ch\/wp-content\/uploads\/2021\/11\/logotype-aeq-rvb-bleu-300.png","contentUrl":"https:\/\/www.aequivalent.ch\/wp-content\/uploads\/2021\/11\/logotype-aeq-rvb-bleu-300.png","width":8000,"height":1479,"caption":"Aequivalent"},"image":{"@id":"https:\/\/www.aequivalent.ch\/fr\/#\/schema\/logo\/image\/"}},{"@type":"Person","@id":"https:\/\/www.aequivalent.ch\/fr\/#\/schema\/person\/a4ccfd8bd331104156059d50761eab76","name":"Webmaster","image":{"@type":"ImageObject","inLanguage":"fr-FR","@id":"https:\/\/secure.gravatar.com\/avatar\/73d9711e06196cb069fb6ed94908e1dd1c482ba9be5c3f40339a94871bd8fab2?s=96&d=mm&r=g","url":"https:\/\/secure.gravatar.com\/avatar\/73d9711e06196cb069fb6ed94908e1dd1c482ba9be5c3f40339a94871bd8fab2?s=96&d=mm&r=g","contentUrl":"https:\/\/secure.gravatar.com\/avatar\/73d9711e06196cb069fb6ed94908e1dd1c482ba9be5c3f40339a94871bd8fab2?s=96&d=mm&r=g","caption":"Webmaster"}}]}},"_links":{"self":[{"href":"https:\/\/www.aequivalent.ch\/fr\/wp-json\/wp\/v2\/posts\/4934","targetHints":{"allow":["GET"]}}],"collection":[{"href":"https:\/\/www.aequivalent.ch\/fr\/wp-json\/wp\/v2\/posts"}],"about":[{"href":"https:\/\/www.aequivalent.ch\/fr\/wp-json\/wp\/v2\/types\/post"}],"author":[{"embeddable":true,"href":"https:\/\/www.aequivalent.ch\/fr\/wp-json\/wp\/v2\/users\/6"}],"replies":[{"embeddable":true,"href":"https:\/\/www.aequivalent.ch\/fr\/wp-json\/wp\/v2\/comments?post=4934"}],"version-history":[{"count":0,"href":"https:\/\/www.aequivalent.ch\/fr\/wp-json\/wp\/v2\/posts\/4934\/revisions"}],"wp:featuredmedia":[{"embeddable":true,"href":"https:\/\/www.aequivalent.ch\/fr\/wp-json\/wp\/v2\/media\/4927"}],"wp:attachment":[{"href":"https:\/\/www.aequivalent.ch\/fr\/wp-json\/wp\/v2\/media?parent=4934"}],"wp:term":[{"taxonomy":"category","embeddable":true,"href":"https:\/\/www.aequivalent.ch\/fr\/wp-json\/wp\/v2\/categories?post=4934"},{"taxonomy":"post_tag","embeddable":true,"href":"https:\/\/www.aequivalent.ch\/fr\/wp-json\/wp\/v2\/tags?post=4934"}],"curies":[{"name":"wp","href":"https:\/\/api.w.org\/{rel}","templated":true}]}}