{"id":16903,"date":"2022-02-17T09:03:04","date_gmt":"2022-02-17T08:03:04","guid":{"rendered":"https:\/\/www.aequivalent.ch\/?p=16903"},"modified":"2025-08-29T19:44:12","modified_gmt":"2025-08-29T17:44:12","slug":"marc-tinguely-business-development-manager-intervient-dans-un-podcast-sur-les-mensonges-dans-les-cv","status":"publish","type":"post","link":"https:\/\/www.aequivalent.ch\/fr\/marc-tinguely-business-development-manager-intervient-dans-un-podcast-sur-les-mensonges-dans-les-cv\/","title":{"rendered":"Marc TINGUELY, Business Development Manager, intervient dans un podcast sur les mensonges dans les CV"},"content":{"rendered":"<div class=\"fusion-fullwidth fullwidth-box fusion-builder-row-1 fusion-flex-container nonhundred-percent-fullwidth non-hundred-percent-height-scrolling\" style=\"--awb-border-radius-top-left:0px;--awb-border-radius-top-right:0px;--awb-border-radius-bottom-right:0px;--awb-border-radius-bottom-left:0px;--awb-flex-wrap:wrap;\" ><div class=\"fusion-builder-row fusion-row fusion-flex-align-items-flex-start fusion-flex-content-wrap\" style=\"max-width:1206.4px;margin-left: calc(-4% \/ 2 );margin-right: calc(-4% \/ 2 );\"><div class=\"fusion-layout-column fusion_builder_column fusion-builder-column-0 fusion_builder_column_1_1 1_1 fusion-flex-column\" style=\"--awb-bg-size:cover;--awb-width-large:100%;--awb-margin-top-large:25px;--awb-spacing-right-large:1.92%;--awb-margin-bottom-large:25px;--awb-spacing-left-large:1.92%;--awb-width-medium:100%;--awb-order-medium:0;--awb-spacing-right-medium:1.92%;--awb-spacing-left-medium:1.92%;--awb-width-small:100%;--awb-order-small:0;--awb-spacing-right-small:1.92%;--awb-spacing-left-small:1.92%;\"><div class=\"fusion-column-wrapper fusion-column-has-shadow fusion-flex-justify-content-flex-start fusion-content-layout-column\"><div class=\"fusion-text fusion-text-1\" style=\"--awb-content-alignment:justify;--awb-text-transform:none;\"><p>Nous avons eu le plaisir de r\u00e9pondre aux questions de David TALERMAN sur la v\u00e9rification des ant\u00e9c\u00e9dents ainsi que sur l\u2019int\u00e9grit\u00e9 dans le recrutement pour son podcast \u00ab Travailler et Vivre en Suisse \u00bb<\/p>\n<p>David interroge Marc sur de nombreux sujets concernant les CV et les background checks en suivant le fil de question suivant :<\/p>\n<\/div><\/div><\/div><div class=\"fusion-layout-column fusion_builder_column fusion-builder-column-1 fusion_builder_column_1_1 1_1 fusion-flex-column\" style=\"--awb-padding-top:10px;--awb-padding-right:20px;--awb-padding-bottom:10px;--awb-padding-left:20px;--awb-overflow:hidden;--awb-bg-color:#a0dcfa;--awb-bg-color-hover:#a0dcfa;--awb-bg-size:cover;--awb-border-radius:30px 0px 30px 0px;--awb-width-large:100%;--awb-margin-top-large:0px;--awb-spacing-right-large:1.92%;--awb-margin-bottom-large:80px;--awb-spacing-left-large:1.92%;--awb-width-medium:100%;--awb-order-medium:0;--awb-spacing-right-medium:1.92%;--awb-spacing-left-medium:1.92%;--awb-width-small:100%;--awb-order-small:0;--awb-spacing-right-small:1.92%;--awb-spacing-left-small:1.92%;\"><div class=\"fusion-column-wrapper fusion-column-has-shadow fusion-flex-justify-content-flex-start fusion-content-layout-column\"><div class=\"fusion-text fusion-text-2\" style=\"--awb-line-height:2;--awb-text-transform:none;\"><ol>\n<li>Pouvez-vous nous pr\u00e9senter votre soci\u00e9t\u00e9 Aequivalent ?<\/li>\n<li>Quelles sont les omissions ou mensonges les plus courants que vous observez ?<\/li>\n<li>Existe-t-il un profil type du candidat \u00ab\u00a0menteur\u00a0\u00bb ?<\/li>\n<li>Les clients qui vous mandatent le font-ils de mani\u00e8re syst\u00e9matique ou parce qu\u2019ils ont un doute sur un candidat ?<\/li>\n<li>Quelles sont les cons\u00e9quences potentielles pour les candidats qui mentent dans leur CV ? (r\u00e9putation, juridique&#8230;)<\/li>\n<li>Quels conseils donneriez-vous \u00e0 un candidat quant \u00e0 la r\u00e9daction de son CV ?<\/li>\n<\/ol>\n<\/div><\/div><\/div><div class=\"fusion-layout-column fusion_builder_column fusion-builder-column-2 fusion_builder_column_1_1 1_1 fusion-flex-column\" style=\"--awb-bg-size:cover;--awb-width-large:100%;--awb-margin-top-large:25px;--awb-spacing-right-large:1.92%;--awb-margin-bottom-large:25px;--awb-spacing-left-large:1.92%;--awb-width-medium:100%;--awb-order-medium:0;--awb-spacing-right-medium:1.92%;--awb-spacing-left-medium:1.92%;--awb-width-small:100%;--awb-order-small:0;--awb-spacing-right-small:1.92%;--awb-spacing-left-small:1.92%;\"><div class=\"fusion-column-wrapper fusion-column-has-shadow fusion-flex-justify-content-flex-start fusion-content-layout-column\"><div class=\"fusion-text fusion-text-3\" style=\"--awb-text-transform:none;\"><h4>D\u00e9couvrez les r\u00e9ponses d\u00e8s maintenant en cliquant <strong><a href=\"https:\/\/smartlink.ausha.co\/travailler-et-vivre-en-suisse\/les-mensonges-les-plus-courants-du-cv-et-pourquoi-il-faut-les-eviter-ep-28\" target=\"_blank\" rel=\"noopener\">ICI<\/a> <\/strong>ou sur l\u2019illustration ci-dessous\u00a0!<\/h4>\n<\/div><div class=\"fusion-separator\" style=\"align-self: flex-start;margin-right:auto;margin-top:40px;margin-bottom:70px;width:100%;max-width:40%;\"><div class=\"fusion-separator-border sep-single sep-solid\" style=\"--awb-height:20px;--awb-amount:20px;border-color:#9e1510;border-top-width:3px;\"><\/div><\/div><div class=\"fusion-image-element \" style=\"--awb-caption-title-font-family:var(--h2_typography-font-family);--awb-caption-title-font-weight:var(--h2_typography-font-weight);--awb-caption-title-font-style:var(--h2_typography-font-style);--awb-caption-title-size:var(--h2_typography-font-size);--awb-caption-title-transform:var(--h2_typography-text-transform);--awb-caption-title-line-height:var(--h2_typography-line-height);--awb-caption-title-letter-spacing:var(--h2_typography-letter-spacing);\"><span class=\" fusion-imageframe imageframe-none imageframe-1 hover-type-none\"><a class=\"fusion-no-lightbox\" href=\"https:\/\/smartlink.ausha.co\/travailler-et-vivre-en-suisse\/les-mensonges-les-plus-courants-du-cv-et-pourquoi-il-faut-les-eviter-ep-28\" target=\"_blank\" aria-label=\"Podcast avec Marc Tinguely et David Talerman\" rel=\"noopener noreferrer\"><img decoding=\"async\" width=\"2000\" height=\"1414\" alt=\"Podcast avec Marc Tinguely et David Talerman\" src=\"https:\/\/www.aequivalent.ch\/wp-content\/uploads\/2022\/02\/Podcast-avec-Marc-tinguely-et-david-talerman.jpg\" class=\"img-responsive wp-image-16915\" srcset=\"https:\/\/www.aequivalent.ch\/wp-content\/uploads\/2022\/02\/Podcast-avec-Marc-tinguely-et-david-talerman-200x141.jpg 200w, https:\/\/www.aequivalent.ch\/wp-content\/uploads\/2022\/02\/Podcast-avec-Marc-tinguely-et-david-talerman-400x283.jpg 400w, https:\/\/www.aequivalent.ch\/wp-content\/uploads\/2022\/02\/Podcast-avec-Marc-tinguely-et-david-talerman-600x424.jpg 600w, https:\/\/www.aequivalent.ch\/wp-content\/uploads\/2022\/02\/Podcast-avec-Marc-tinguely-et-david-talerman-800x566.jpg 800w, https:\/\/www.aequivalent.ch\/wp-content\/uploads\/2022\/02\/Podcast-avec-Marc-tinguely-et-david-talerman-1200x848.jpg 1200w, https:\/\/www.aequivalent.ch\/wp-content\/uploads\/2022\/02\/Podcast-avec-Marc-tinguely-et-david-talerman.jpg 2000w\" sizes=\"(max-width: 1024px) 100vw, (max-width: 640px) 100vw, 1200px\" \/><\/a><\/span><\/div><\/div><\/div><\/div><\/div>\n","protected":false},"excerpt":{"rendered":"","protected":false},"author":6,"featured_media":16915,"comment_status":"open","ping_status":"open","sticky":false,"template":"","format":"standard","meta":{"footnotes":""},"categories":[210],"tags":[],"class_list":["post-16903","post","type-post","status-publish","format-standard","has-post-thumbnail","hentry","category-publications"],"yoast_head":"<!-- This site is optimized with the Yoast SEO Premium plugin v27.5 (Yoast SEO v27.5) - https:\/\/yoast.com\/product\/yoast-seo-premium-wordpress\/ -->\n<title>Marc TINGUELY, Business Development Manager, intervient dans un podcast sur les mensonges dans les CV | Aequivalent<\/title>\n<meta name=\"robots\" content=\"index, follow, max-snippet:-1, max-image-preview:large, max-video-preview:-1\" \/>\n<link rel=\"canonical\" href=\"https:\/\/www.aequivalent.ch\/fr\/marc-tinguely-business-development-manager-intervient-dans-un-podcast-sur-les-mensonges-dans-les-cv\/\" \/>\n<meta property=\"og:locale\" content=\"fr_FR\" \/>\n<meta property=\"og:type\" content=\"article\" \/>\n<meta property=\"og:title\" content=\"Marc TINGUELY, Business Development Manager, intervient dans un podcast sur les mensonges dans les CV\" \/>\n<meta property=\"og:url\" content=\"https:\/\/www.aequivalent.ch\/fr\/marc-tinguely-business-development-manager-intervient-dans-un-podcast-sur-les-mensonges-dans-les-cv\/\" \/>\n<meta property=\"og:site_name\" content=\"Aequivalent\" \/>\n<meta property=\"article:published_time\" content=\"2022-02-17T08:03:04+00:00\" \/>\n<meta property=\"article:modified_time\" content=\"2025-08-29T17:44:12+00:00\" \/>\n<meta property=\"og:image\" content=\"https:\/\/www.aequivalent.ch\/wp-content\/uploads\/2022\/02\/Podcast-avec-Marc-tinguely-et-david-talerman.jpg\" \/>\n\t<meta property=\"og:image:width\" content=\"2000\" \/>\n\t<meta property=\"og:image:height\" content=\"1414\" \/>\n\t<meta property=\"og:image:type\" content=\"image\/jpeg\" \/>\n<meta name=\"author\" content=\"Webmaster\" \/>\n<meta name=\"twitter:card\" content=\"summary_large_image\" \/>\n<meta name=\"twitter:label1\" content=\"\u00c9crit par\" \/>\n\t<meta name=\"twitter:data1\" content=\"Webmaster\" \/>\n\t<meta name=\"twitter:label2\" content=\"Dur\u00e9e de lecture estim\u00e9e\" \/>\n\t<meta name=\"twitter:data2\" content=\"4 minutes\" \/>\n<script type=\"application\/ld+json\" class=\"yoast-schema-graph\">{\"@context\":\"https:\\\/\\\/schema.org\",\"@graph\":[{\"@type\":\"Article\",\"@id\":\"https:\\\/\\\/www.aequivalent.ch\\\/fr\\\/marc-tinguely-business-development-manager-intervient-dans-un-podcast-sur-les-mensonges-dans-les-cv\\\/#article\",\"isPartOf\":{\"@id\":\"https:\\\/\\\/www.aequivalent.ch\\\/fr\\\/marc-tinguely-business-development-manager-intervient-dans-un-podcast-sur-les-mensonges-dans-les-cv\\\/\"},\"author\":{\"name\":\"Webmaster\",\"@id\":\"https:\\\/\\\/www.aequivalent.ch\\\/fr\\\/#\\\/schema\\\/person\\\/a4ccfd8bd331104156059d50761eab76\"},\"headline\":\"Marc TINGUELY, Business Development Manager, intervient dans un podcast sur les mensonges dans les CV\",\"datePublished\":\"2022-02-17T08:03:04+00:00\",\"dateModified\":\"2025-08-29T17:44:12+00:00\",\"mainEntityOfPage\":{\"@id\":\"https:\\\/\\\/www.aequivalent.ch\\\/fr\\\/marc-tinguely-business-development-manager-intervient-dans-un-podcast-sur-les-mensonges-dans-les-cv\\\/\"},\"wordCount\":1769,\"commentCount\":0,\"publisher\":{\"@id\":\"https:\\\/\\\/www.aequivalent.ch\\\/fr\\\/#organization\"},\"image\":{\"@id\":\"https:\\\/\\\/www.aequivalent.ch\\\/fr\\\/marc-tinguely-business-development-manager-intervient-dans-un-podcast-sur-les-mensonges-dans-les-cv\\\/#primaryimage\"},\"thumbnailUrl\":\"https:\\\/\\\/www.aequivalent.ch\\\/wp-content\\\/uploads\\\/2022\\\/02\\\/Podcast-avec-Marc-tinguely-et-david-talerman.jpg\",\"articleSection\":[\"Publications\"],\"inLanguage\":\"fr-FR\",\"potentialAction\":[{\"@type\":\"CommentAction\",\"name\":\"Comment\",\"target\":[\"https:\\\/\\\/www.aequivalent.ch\\\/fr\\\/marc-tinguely-business-development-manager-intervient-dans-un-podcast-sur-les-mensonges-dans-les-cv\\\/#respond\"]}]},{\"@type\":\"WebPage\",\"@id\":\"https:\\\/\\\/www.aequivalent.ch\\\/fr\\\/marc-tinguely-business-development-manager-intervient-dans-un-podcast-sur-les-mensonges-dans-les-cv\\\/\",\"url\":\"https:\\\/\\\/www.aequivalent.ch\\\/fr\\\/marc-tinguely-business-development-manager-intervient-dans-un-podcast-sur-les-mensonges-dans-les-cv\\\/\",\"name\":\"Marc TINGUELY, Business Development Manager, intervient dans un podcast sur les mensonges dans les CV | Aequivalent\",\"isPartOf\":{\"@id\":\"https:\\\/\\\/www.aequivalent.ch\\\/fr\\\/#website\"},\"primaryImageOfPage\":{\"@id\":\"https:\\\/\\\/www.aequivalent.ch\\\/fr\\\/marc-tinguely-business-development-manager-intervient-dans-un-podcast-sur-les-mensonges-dans-les-cv\\\/#primaryimage\"},\"image\":{\"@id\":\"https:\\\/\\\/www.aequivalent.ch\\\/fr\\\/marc-tinguely-business-development-manager-intervient-dans-un-podcast-sur-les-mensonges-dans-les-cv\\\/#primaryimage\"},\"thumbnailUrl\":\"https:\\\/\\\/www.aequivalent.ch\\\/wp-content\\\/uploads\\\/2022\\\/02\\\/Podcast-avec-Marc-tinguely-et-david-talerman.jpg\",\"datePublished\":\"2022-02-17T08:03:04+00:00\",\"dateModified\":\"2025-08-29T17:44:12+00:00\",\"breadcrumb\":{\"@id\":\"https:\\\/\\\/www.aequivalent.ch\\\/fr\\\/marc-tinguely-business-development-manager-intervient-dans-un-podcast-sur-les-mensonges-dans-les-cv\\\/#breadcrumb\"},\"inLanguage\":\"fr-FR\",\"potentialAction\":[{\"@type\":\"ReadAction\",\"target\":[\"https:\\\/\\\/www.aequivalent.ch\\\/fr\\\/marc-tinguely-business-development-manager-intervient-dans-un-podcast-sur-les-mensonges-dans-les-cv\\\/\"]}]},{\"@type\":\"ImageObject\",\"inLanguage\":\"fr-FR\",\"@id\":\"https:\\\/\\\/www.aequivalent.ch\\\/fr\\\/marc-tinguely-business-development-manager-intervient-dans-un-podcast-sur-les-mensonges-dans-les-cv\\\/#primaryimage\",\"url\":\"https:\\\/\\\/www.aequivalent.ch\\\/wp-content\\\/uploads\\\/2022\\\/02\\\/Podcast-avec-Marc-tinguely-et-david-talerman.jpg\",\"contentUrl\":\"https:\\\/\\\/www.aequivalent.ch\\\/wp-content\\\/uploads\\\/2022\\\/02\\\/Podcast-avec-Marc-tinguely-et-david-talerman.jpg\",\"width\":2000,\"height\":1414,\"caption\":\"Podcast avec Marc Tinguely et David Talerman\"},{\"@type\":\"BreadcrumbList\",\"@id\":\"https:\\\/\\\/www.aequivalent.ch\\\/fr\\\/marc-tinguely-business-development-manager-intervient-dans-un-podcast-sur-les-mensonges-dans-les-cv\\\/#breadcrumb\",\"itemListElement\":[{\"@type\":\"ListItem\",\"position\":1,\"name\":\"Home\",\"item\":\"https:\\\/\\\/www.aequivalent.ch\\\/fr\\\/\"},{\"@type\":\"ListItem\",\"position\":2,\"name\":\"Marc TINGUELY, Business Development Manager, intervient dans un podcast sur les mensonges dans les CV\"}]},{\"@type\":\"WebSite\",\"@id\":\"https:\\\/\\\/www.aequivalent.ch\\\/fr\\\/#website\",\"url\":\"https:\\\/\\\/www.aequivalent.ch\\\/fr\\\/\",\"name\":\"Aequivalent\",\"description\":\"Quality in employment\",\"publisher\":{\"@id\":\"https:\\\/\\\/www.aequivalent.ch\\\/fr\\\/#organization\"},\"potentialAction\":[{\"@type\":\"SearchAction\",\"target\":{\"@type\":\"EntryPoint\",\"urlTemplate\":\"https:\\\/\\\/www.aequivalent.ch\\\/fr\\\/?s={search_term_string}\"},\"query-input\":{\"@type\":\"PropertyValueSpecification\",\"valueRequired\":true,\"valueName\":\"search_term_string\"}}],\"inLanguage\":\"fr-FR\"},{\"@type\":\"Organization\",\"@id\":\"https:\\\/\\\/www.aequivalent.ch\\\/fr\\\/#organization\",\"name\":\"Aequivalent\",\"url\":\"https:\\\/\\\/www.aequivalent.ch\\\/fr\\\/\",\"logo\":{\"@type\":\"ImageObject\",\"inLanguage\":\"fr-FR\",\"@id\":\"https:\\\/\\\/www.aequivalent.ch\\\/fr\\\/#\\\/schema\\\/logo\\\/image\\\/\",\"url\":\"https:\\\/\\\/www.aequivalent.ch\\\/wp-content\\\/uploads\\\/2021\\\/11\\\/logotype-aeq-rvb-bleu-300.png\",\"contentUrl\":\"https:\\\/\\\/www.aequivalent.ch\\\/wp-content\\\/uploads\\\/2021\\\/11\\\/logotype-aeq-rvb-bleu-300.png\",\"width\":8000,\"height\":1479,\"caption\":\"Aequivalent\"},\"image\":{\"@id\":\"https:\\\/\\\/www.aequivalent.ch\\\/fr\\\/#\\\/schema\\\/logo\\\/image\\\/\"}},{\"@type\":\"Person\",\"@id\":\"https:\\\/\\\/www.aequivalent.ch\\\/fr\\\/#\\\/schema\\\/person\\\/a4ccfd8bd331104156059d50761eab76\",\"name\":\"Webmaster\",\"image\":{\"@type\":\"ImageObject\",\"inLanguage\":\"fr-FR\",\"@id\":\"https:\\\/\\\/secure.gravatar.com\\\/avatar\\\/73d9711e06196cb069fb6ed94908e1dd1c482ba9be5c3f40339a94871bd8fab2?s=96&d=mm&r=g\",\"url\":\"https:\\\/\\\/secure.gravatar.com\\\/avatar\\\/73d9711e06196cb069fb6ed94908e1dd1c482ba9be5c3f40339a94871bd8fab2?s=96&d=mm&r=g\",\"contentUrl\":\"https:\\\/\\\/secure.gravatar.com\\\/avatar\\\/73d9711e06196cb069fb6ed94908e1dd1c482ba9be5c3f40339a94871bd8fab2?s=96&d=mm&r=g\",\"caption\":\"Webmaster\"}}]}<\/script>\n<!-- \/ Yoast SEO Premium plugin. -->","yoast_head_json":{"title":"Marc TINGUELY, Business Development Manager, intervient dans un podcast sur les mensonges dans les CV | Aequivalent","robots":{"index":"index","follow":"follow","max-snippet":"max-snippet:-1","max-image-preview":"max-image-preview:large","max-video-preview":"max-video-preview:-1"},"canonical":"https:\/\/www.aequivalent.ch\/fr\/marc-tinguely-business-development-manager-intervient-dans-un-podcast-sur-les-mensonges-dans-les-cv\/","og_locale":"fr_FR","og_type":"article","og_title":"Marc TINGUELY, Business Development Manager, intervient dans un podcast sur les mensonges dans les CV","og_url":"https:\/\/www.aequivalent.ch\/fr\/marc-tinguely-business-development-manager-intervient-dans-un-podcast-sur-les-mensonges-dans-les-cv\/","og_site_name":"Aequivalent","article_published_time":"2022-02-17T08:03:04+00:00","article_modified_time":"2025-08-29T17:44:12+00:00","og_image":[{"width":2000,"height":1414,"url":"https:\/\/www.aequivalent.ch\/wp-content\/uploads\/2022\/02\/Podcast-avec-Marc-tinguely-et-david-talerman.jpg","type":"image\/jpeg"}],"author":"Webmaster","twitter_card":"summary_large_image","twitter_misc":{"\u00c9crit par":"Webmaster","Dur\u00e9e de lecture estim\u00e9e":"4 minutes"},"schema":{"@context":"https:\/\/schema.org","@graph":[{"@type":"Article","@id":"https:\/\/www.aequivalent.ch\/fr\/marc-tinguely-business-development-manager-intervient-dans-un-podcast-sur-les-mensonges-dans-les-cv\/#article","isPartOf":{"@id":"https:\/\/www.aequivalent.ch\/fr\/marc-tinguely-business-development-manager-intervient-dans-un-podcast-sur-les-mensonges-dans-les-cv\/"},"author":{"name":"Webmaster","@id":"https:\/\/www.aequivalent.ch\/fr\/#\/schema\/person\/a4ccfd8bd331104156059d50761eab76"},"headline":"Marc TINGUELY, Business Development Manager, intervient dans un podcast sur les mensonges dans les CV","datePublished":"2022-02-17T08:03:04+00:00","dateModified":"2025-08-29T17:44:12+00:00","mainEntityOfPage":{"@id":"https:\/\/www.aequivalent.ch\/fr\/marc-tinguely-business-development-manager-intervient-dans-un-podcast-sur-les-mensonges-dans-les-cv\/"},"wordCount":1769,"commentCount":0,"publisher":{"@id":"https:\/\/www.aequivalent.ch\/fr\/#organization"},"image":{"@id":"https:\/\/www.aequivalent.ch\/fr\/marc-tinguely-business-development-manager-intervient-dans-un-podcast-sur-les-mensonges-dans-les-cv\/#primaryimage"},"thumbnailUrl":"https:\/\/www.aequivalent.ch\/wp-content\/uploads\/2022\/02\/Podcast-avec-Marc-tinguely-et-david-talerman.jpg","articleSection":["Publications"],"inLanguage":"fr-FR","potentialAction":[{"@type":"CommentAction","name":"Comment","target":["https:\/\/www.aequivalent.ch\/fr\/marc-tinguely-business-development-manager-intervient-dans-un-podcast-sur-les-mensonges-dans-les-cv\/#respond"]}]},{"@type":"WebPage","@id":"https:\/\/www.aequivalent.ch\/fr\/marc-tinguely-business-development-manager-intervient-dans-un-podcast-sur-les-mensonges-dans-les-cv\/","url":"https:\/\/www.aequivalent.ch\/fr\/marc-tinguely-business-development-manager-intervient-dans-un-podcast-sur-les-mensonges-dans-les-cv\/","name":"Marc TINGUELY, Business Development Manager, intervient dans un podcast sur les mensonges dans les CV | Aequivalent","isPartOf":{"@id":"https:\/\/www.aequivalent.ch\/fr\/#website"},"primaryImageOfPage":{"@id":"https:\/\/www.aequivalent.ch\/fr\/marc-tinguely-business-development-manager-intervient-dans-un-podcast-sur-les-mensonges-dans-les-cv\/#primaryimage"},"image":{"@id":"https:\/\/www.aequivalent.ch\/fr\/marc-tinguely-business-development-manager-intervient-dans-un-podcast-sur-les-mensonges-dans-les-cv\/#primaryimage"},"thumbnailUrl":"https:\/\/www.aequivalent.ch\/wp-content\/uploads\/2022\/02\/Podcast-avec-Marc-tinguely-et-david-talerman.jpg","datePublished":"2022-02-17T08:03:04+00:00","dateModified":"2025-08-29T17:44:12+00:00","breadcrumb":{"@id":"https:\/\/www.aequivalent.ch\/fr\/marc-tinguely-business-development-manager-intervient-dans-un-podcast-sur-les-mensonges-dans-les-cv\/#breadcrumb"},"inLanguage":"fr-FR","potentialAction":[{"@type":"ReadAction","target":["https:\/\/www.aequivalent.ch\/fr\/marc-tinguely-business-development-manager-intervient-dans-un-podcast-sur-les-mensonges-dans-les-cv\/"]}]},{"@type":"ImageObject","inLanguage":"fr-FR","@id":"https:\/\/www.aequivalent.ch\/fr\/marc-tinguely-business-development-manager-intervient-dans-un-podcast-sur-les-mensonges-dans-les-cv\/#primaryimage","url":"https:\/\/www.aequivalent.ch\/wp-content\/uploads\/2022\/02\/Podcast-avec-Marc-tinguely-et-david-talerman.jpg","contentUrl":"https:\/\/www.aequivalent.ch\/wp-content\/uploads\/2022\/02\/Podcast-avec-Marc-tinguely-et-david-talerman.jpg","width":2000,"height":1414,"caption":"Podcast avec Marc Tinguely et David Talerman"},{"@type":"BreadcrumbList","@id":"https:\/\/www.aequivalent.ch\/fr\/marc-tinguely-business-development-manager-intervient-dans-un-podcast-sur-les-mensonges-dans-les-cv\/#breadcrumb","itemListElement":[{"@type":"ListItem","position":1,"name":"Home","item":"https:\/\/www.aequivalent.ch\/fr\/"},{"@type":"ListItem","position":2,"name":"Marc TINGUELY, Business Development Manager, intervient dans un podcast sur les mensonges dans les CV"}]},{"@type":"WebSite","@id":"https:\/\/www.aequivalent.ch\/fr\/#website","url":"https:\/\/www.aequivalent.ch\/fr\/","name":"Aequivalent","description":"Quality in employment","publisher":{"@id":"https:\/\/www.aequivalent.ch\/fr\/#organization"},"potentialAction":[{"@type":"SearchAction","target":{"@type":"EntryPoint","urlTemplate":"https:\/\/www.aequivalent.ch\/fr\/?s={search_term_string}"},"query-input":{"@type":"PropertyValueSpecification","valueRequired":true,"valueName":"search_term_string"}}],"inLanguage":"fr-FR"},{"@type":"Organization","@id":"https:\/\/www.aequivalent.ch\/fr\/#organization","name":"Aequivalent","url":"https:\/\/www.aequivalent.ch\/fr\/","logo":{"@type":"ImageObject","inLanguage":"fr-FR","@id":"https:\/\/www.aequivalent.ch\/fr\/#\/schema\/logo\/image\/","url":"https:\/\/www.aequivalent.ch\/wp-content\/uploads\/2021\/11\/logotype-aeq-rvb-bleu-300.png","contentUrl":"https:\/\/www.aequivalent.ch\/wp-content\/uploads\/2021\/11\/logotype-aeq-rvb-bleu-300.png","width":8000,"height":1479,"caption":"Aequivalent"},"image":{"@id":"https:\/\/www.aequivalent.ch\/fr\/#\/schema\/logo\/image\/"}},{"@type":"Person","@id":"https:\/\/www.aequivalent.ch\/fr\/#\/schema\/person\/a4ccfd8bd331104156059d50761eab76","name":"Webmaster","image":{"@type":"ImageObject","inLanguage":"fr-FR","@id":"https:\/\/secure.gravatar.com\/avatar\/73d9711e06196cb069fb6ed94908e1dd1c482ba9be5c3f40339a94871bd8fab2?s=96&d=mm&r=g","url":"https:\/\/secure.gravatar.com\/avatar\/73d9711e06196cb069fb6ed94908e1dd1c482ba9be5c3f40339a94871bd8fab2?s=96&d=mm&r=g","contentUrl":"https:\/\/secure.gravatar.com\/avatar\/73d9711e06196cb069fb6ed94908e1dd1c482ba9be5c3f40339a94871bd8fab2?s=96&d=mm&r=g","caption":"Webmaster"}}]}},"_links":{"self":[{"href":"https:\/\/www.aequivalent.ch\/fr\/wp-json\/wp\/v2\/posts\/16903","targetHints":{"allow":["GET"]}}],"collection":[{"href":"https:\/\/www.aequivalent.ch\/fr\/wp-json\/wp\/v2\/posts"}],"about":[{"href":"https:\/\/www.aequivalent.ch\/fr\/wp-json\/wp\/v2\/types\/post"}],"author":[{"embeddable":true,"href":"https:\/\/www.aequivalent.ch\/fr\/wp-json\/wp\/v2\/users\/6"}],"replies":[{"embeddable":true,"href":"https:\/\/www.aequivalent.ch\/fr\/wp-json\/wp\/v2\/comments?post=16903"}],"version-history":[{"count":0,"href":"https:\/\/www.aequivalent.ch\/fr\/wp-json\/wp\/v2\/posts\/16903\/revisions"}],"wp:featuredmedia":[{"embeddable":true,"href":"https:\/\/www.aequivalent.ch\/fr\/wp-json\/wp\/v2\/media\/16915"}],"wp:attachment":[{"href":"https:\/\/www.aequivalent.ch\/fr\/wp-json\/wp\/v2\/media?parent=16903"}],"wp:term":[{"taxonomy":"category","embeddable":true,"href":"https:\/\/www.aequivalent.ch\/fr\/wp-json\/wp\/v2\/categories?post=16903"},{"taxonomy":"post_tag","embeddable":true,"href":"https:\/\/www.aequivalent.ch\/fr\/wp-json\/wp\/v2\/tags?post=16903"}],"curies":[{"name":"wp","href":"https:\/\/api.w.org\/{rel}","templated":true}]}}