{"id":13229,"date":"2021-08-26T09:47:05","date_gmt":"2021-08-26T07:47:05","guid":{"rendered":"https:\/\/www.aequivalent.ch\/?p=13229"},"modified":"2025-08-28T16:13:41","modified_gmt":"2025-08-28T14:13:41","slug":"yvonne-muri-advisory-board","status":"publish","type":"post","link":"https:\/\/www.aequivalent.ch\/fr\/yvonne-muri-advisory-board\/","title":{"rendered":"Yvonne MURI, membre de l&rsquo;Advisory Board d&rsquo;Aequivalent"},"content":{"rendered":"<p><div class=\"fusion-fullwidth fullwidth-box fusion-builder-row-1 fusion-flex-container nonhundred-percent-fullwidth non-hundred-percent-height-scrolling\" style=\"--awb-border-radius-top-left:0px;--awb-border-radius-top-right:0px;--awb-border-radius-bottom-right:0px;--awb-border-radius-bottom-left:0px;--awb-flex-wrap:wrap;\" ><div class=\"fusion-builder-row fusion-row fusion-flex-align-items-flex-start fusion-flex-content-wrap\" style=\"max-width:1206.4px;margin-left: calc(-4% \/ 2 );margin-right: calc(-4% \/ 2 );\"><div class=\"fusion-layout-column fusion_builder_column fusion-builder-column-0 fusion-flex-column\" style=\"--awb-bg-size:cover;--awb-width-large:24%;--awb-margin-top-large:25px;--awb-spacing-right-large:8%;--awb-margin-bottom-large:25px;--awb-spacing-left-large:8%;--awb-width-medium:100%;--awb-order-medium:0;--awb-spacing-right-medium:1.92%;--awb-spacing-left-medium:1.92%;--awb-width-small:100%;--awb-order-small:0;--awb-spacing-right-small:1.92%;--awb-spacing-left-small:1.92%;\"><div class=\"fusion-column-wrapper fusion-column-has-shadow fusion-flex-justify-content-flex-start fusion-content-layout-column\"><div class=\"fusion-image-element \" style=\"--awb-caption-title-font-family:var(--h2_typography-font-family);--awb-caption-title-font-weight:var(--h2_typography-font-weight);--awb-caption-title-font-style:var(--h2_typography-font-style);--awb-caption-title-size:var(--h2_typography-font-size);--awb-caption-title-transform:var(--h2_typography-text-transform);--awb-caption-title-line-height:var(--h2_typography-line-height);--awb-caption-title-letter-spacing:var(--h2_typography-letter-spacing);\"><span class=\" fusion-imageframe imageframe-none imageframe-1 hover-type-none\"><img decoding=\"async\" width=\"1000\" height=\"1000\" title=\"Photo-Yvonne-Muri\" src=\"https:\/\/www.aequivalent.ch\/wp-content\/uploads\/2021\/08\/Photo-Yvonne-Muri.jpg\" alt class=\"img-responsive wp-image-13230\" srcset=\"https:\/\/www.aequivalent.ch\/wp-content\/uploads\/2021\/08\/Photo-Yvonne-Muri-200x200.jpg 200w, https:\/\/www.aequivalent.ch\/wp-content\/uploads\/2021\/08\/Photo-Yvonne-Muri-400x400.jpg 400w, https:\/\/www.aequivalent.ch\/wp-content\/uploads\/2021\/08\/Photo-Yvonne-Muri-600x600.jpg 600w, https:\/\/www.aequivalent.ch\/wp-content\/uploads\/2021\/08\/Photo-Yvonne-Muri-800x800.jpg 800w, https:\/\/www.aequivalent.ch\/wp-content\/uploads\/2021\/08\/Photo-Yvonne-Muri.jpg 1000w\" sizes=\"(max-width: 1024px) 100vw, (max-width: 640px) 100vw, 400px\" \/><\/span><\/div><div class=\"fusion-separator\" style=\"align-self: flex-start;margin-right:auto;margin-top:15px;margin-bottom:10px;width:100%;max-width:157px;\"><div class=\"fusion-separator-border sep-single sep-solid\" style=\"--awb-height:20px;--awb-amount:20px;border-color:#9e1510;border-top-width:3px;\"><\/div><\/div><div class=\"fusion-text fusion-text-1\"><h6><strong>Yvonne MURI<\/strong><\/h6>\n<\/div><\/div><\/div><div class=\"fusion-layout-column fusion_builder_column fusion-builder-column-1 fusion_builder_column_2_3 2_3 fusion-flex-column\" style=\"--awb-bg-size:cover;--awb-width-large:66.666666666667%;--awb-margin-top-large:25px;--awb-spacing-right-large:2.88%;--awb-margin-bottom-large:25px;--awb-spacing-left-large:2.88%;--awb-width-medium:100%;--awb-order-medium:0;--awb-spacing-right-medium:1.92%;--awb-spacing-left-medium:1.92%;--awb-width-small:100%;--awb-order-small:0;--awb-spacing-right-small:1.92%;--awb-spacing-left-small:1.92%;\"><div class=\"fusion-column-wrapper fusion-column-has-shadow fusion-flex-justify-content-flex-start fusion-content-layout-column\"><div class=\"fusion-text fusion-text-2\" style=\"--awb-content-alignment:justify;--awb-margin-right:-72px;\"><p style=\"text-align: justify; background: white; margin: 0cm 0cm 15.0pt 0cm;\"><span style=\"font-size: 13.5pt; font-family: 'Roobert-Regular',serif; color: black;\">Nous sommes tr\u00e8s heureux d\u2019annoncer qu\u2019Yvonne Muri a rejoint l\u2019Advisory Board d\u2019Aequivalent en ao\u00fbt 2021. Yvonne apporte avec elle une grande exp\u00e9rience dans la gestion strat\u00e9gique et op\u00e9rationnelle des ressources humaines dans le secteur public et priv\u00e9. <\/span><\/p>\n<p style=\"text-align: justify; background: white; margin: 0cm 0cm 15.0pt 0cm;\"><span style=\"font-size: 13.5pt; font-family: 'Roobert-Regular',serif; color: black;\">Depuis 2011, Yvonne op\u00e8re en tant que consultante management ind\u00e9pendante au sein de sa propre soci\u00e9t\u00e9 Muri-Consulting GmbH et et soutient les organisations en tant que \u00ab\u00a0sparring partner\u00a0\u00bb dans leurs d\u00e9fis RH et leurs processus de changement organisationnel.<\/span><\/p>\n<\/div><\/div><\/div><div class=\"fusion-layout-column fusion_builder_column fusion-builder-column-2 fusion_builder_column_1_1 1_1 fusion-flex-column\" style=\"--awb-bg-size:cover;--awb-width-large:100%;--awb-margin-top-large:-30px;--awb-spacing-right-large:1.92%;--awb-margin-bottom-large:25px;--awb-spacing-left-large:1.92%;--awb-width-medium:100%;--awb-order-medium:0;--awb-spacing-right-medium:1.92%;--awb-spacing-left-medium:1.92%;--awb-width-small:100%;--awb-order-small:0;--awb-spacing-right-small:1.92%;--awb-spacing-left-small:1.92%;\"><div class=\"fusion-column-wrapper fusion-column-has-shadow fusion-flex-justify-content-flex-start fusion-content-layout-column\"><div class=\"fusion-text fusion-text-3\" style=\"--awb-content-alignment:justify;--awb-margin-top:23px;\"><p style=\"text-align: justify; background: white; margin: 0cm 0cm 15.0pt 0cm;\"><strong><span style=\"font-size: 13.5pt; font-family: 'Roobert-Regular',serif; color: black;\">PROFIL ET ACTIVIT\u00c9S PROFESSIONNELLES<\/span><\/strong><\/p>\n<p style=\"text-align: justify; background: white; margin: 0cm 0cm 15.0pt 0cm;\"><span style=\"font-size: 13.5pt; font-family: 'Roobert-Regular',serif; color: black;\">Ayant d\u00e9but\u00e9 sa carri\u00e8re dans les activit\u00e9s commerciales et analyses de march\u00e9s au sein du groupe Credit Suisse. Elle a \u00e9galement assum\u00e9 la responsabilit\u00e9, aux c\u00f4t\u00e9s de la direction de l\u2019\u00e9cole, du l\u2019institut de formation AKAD avant d\u2019int\u00e9grer la Z\u00fcrcher Kantonalbank en tant que responsable du d\u00e9veloppement des ressources humaines pour la division Private Banking en 1999.<\/span><\/p>\n<p style=\"text-align: justify; background: white; margin: 0cm 0cm 15.0pt 0cm;\"><span style=\"font-size: 13.5pt; font-family: 'Roobert-Regular',serif; color: black;\">En 2001, elle est pass\u00e9e au Groupe Galenica o\u00f9 elle a occup\u00e9 le poste de responsable des ressources humaines. De 2005 \u00e0 2011, elle a \u00e9t\u00e9 charg\u00e9e de la formation et du d\u00e9veloppement des cadres au sein des CFF, avant d&rsquo;\u00eatre nomm\u00e9e membre du comit\u00e9 de direction et responsable des RH de la division Transports de passagers. Depuis 2011, Yvonne est \u00ab\u00a0sparring partner\u00a0\u00bb aupr\u00e8s de cadres, de responsables RH et de chefs de projet. Elle accompagne et conseille des clients, aussi bien des grandes entreprises que des PME, dans des domaines vari\u00e9s tels que la sant\u00e9, les technologies m\u00e9dicales, les assurances, le gouvernement f\u00e9d\u00e9ral, etc.<\/span><\/p>\n<\/div><div class=\"fusion-text fusion-text-4\" style=\"--awb-content-alignment:justify;--awb-line-height:1.3;--awb-margin-top:18.5px;\"><p style=\"text-align: justify; background: white; margin: 0cm 0cm 15.0pt 0cm;\"><strong><span style=\"font-size: 13.5pt; font-family: 'Roobert-Regular',serif; color: black;\">PARCOURS UNIVERSITAIRE ET PERSONNEL<\/span><\/strong><\/p>\n<p style=\"text-align: justify; background: white; margin: 0cm 0cm 15.0pt 0cm;\"><span style=\"font-size: 13.5pt; font-family: 'Roobert-Regular',serif; color: black;\">Yvonne a obtenu son master en gestion d\u2019entreprise (lic.rer.pol) \u00e0 l\u2019Universit\u00e9 de Berne en 1994 et a poursuivi sa formation en participant \u00e0 diff\u00e9rents programmes de management et de coaching avanc\u00e9s d\u00e9velopp\u00e9s par l\u2019ETH et la HSG St Gallen ainsi que l\u2019EPFL.<\/span><\/p>\n<p style=\"text-align: justify; background: white; margin: 0cm 0cm 15.0pt 0cm;\"><span style=\"font-size: 13.5pt; font-family: 'Roobert-Regular',serif; color: black;\">Yvonne parle couramment le suisse-allemand, l\u2019allemand, le fran\u00e7ais et l\u2019anglais et vit avec sa famille dans le magnifique canton de Berne.<\/span><\/p>\n<\/div><div class=\"fusion-separator\" style=\"align-self: flex-start;margin-right:auto;margin-bottom:20px;width:100%;max-width:200px;\"><div class=\"fusion-separator-border sep-single sep-solid\" style=\"--awb-height:20px;--awb-amount:20px;border-color:#9e1510;border-top-width:3px;\"><\/div><\/div><\/div><\/div><\/div><\/div><div class=\"fusion-fullwidth fullwidth-box fusion-builder-row-2 fusion-flex-container nonhundred-percent-fullwidth non-hundred-percent-height-scrolling\" style=\"--awb-border-radius-top-left:0px;--awb-border-radius-top-right:0px;--awb-border-radius-bottom-right:0px;--awb-border-radius-bottom-left:0px;--awb-flex-wrap:wrap;\" ><div class=\"fusion-builder-row fusion-row fusion-flex-align-items-flex-start fusion-flex-content-wrap\" style=\"max-width:1206.4px;margin-left: calc(-4% \/ 2 );margin-right: calc(-4% \/ 2 );\"><div class=\"fusion-layout-column fusion_builder_column fusion-builder-column-3 fusion_builder_column_1_1 1_1 fusion-flex-column\" style=\"--awb-bg-size:cover;--awb-width-large:100%;--awb-margin-top-large:25px;--awb-spacing-right-large:1.92%;--awb-margin-bottom-large:25px;--awb-spacing-left-large:1.92%;--awb-width-medium:100%;--awb-order-medium:0;--awb-spacing-right-medium:1.92%;--awb-spacing-left-medium:1.92%;--awb-width-small:100%;--awb-order-small:0;--awb-spacing-right-small:1.92%;--awb-spacing-left-small:1.92%;\"><div class=\"fusion-column-wrapper fusion-column-has-shadow fusion-flex-justify-content-flex-start fusion-content-layout-column\"><div class=\"fusion-text fusion-text-5\" style=\"--awb-content-alignment:justify;--awb-margin-top:-40px;\"><p><strong>MESSAGE DE LA DIRECTION<\/strong><\/p>\n<p>Nous sommes ravis et reconnaissants de pouvoir accueillir Yvonne au sein de son Advisory Board. Nous nous r\u00e9jouissons de pouvoir b\u00e9n\u00e9ficier de sa vaste expertise et de son r\u00e9seau en mati\u00e8re de GRH et, sur un plan plus personnel, de son style de communication clair et de son approche pragmatique et orient\u00e9e r\u00e9sultats de la gestion et des outils RH.<\/p>\n<\/div><\/div><\/div><\/div><\/div><div class=\"fusion-fullwidth fullwidth-box fusion-builder-row-3 fusion-flex-container nonhundred-percent-fullwidth non-hundred-percent-height-scrolling\" style=\"--awb-border-radius-top-left:0px;--awb-border-radius-top-right:0px;--awb-border-radius-bottom-right:0px;--awb-border-radius-bottom-left:0px;--awb-flex-wrap:wrap;\" ><div class=\"fusion-builder-row fusion-row fusion-flex-align-items-flex-start fusion-flex-content-wrap\" style=\"max-width:1206.4px;margin-left: calc(-4% \/ 2 );margin-right: calc(-4% \/ 2 );\"><div class=\"fusion-layout-column fusion_builder_column fusion-builder-column-4 fusion_builder_column_1_1 1_1 fusion-flex-column\" style=\"--awb-padding-top:20px;--awb-padding-left:3px;--awb-overflow:hidden;--awb-bg-color:#a0dcfa;--awb-bg-color-hover:#a0dcfa;--awb-bg-size:cover;--awb-border-color:#a0dcfa;--awb-border-top:15px;--awb-border-right:15px;--awb-border-bottom:15px;--awb-border-left:15px;--awb-border-style:solid;--awb-border-radius:30px 0px 30px 0px;--awb-width-large:100%;--awb-margin-top-large:25px;--awb-spacing-right-large:1.92%;--awb-margin-bottom-large:25px;--awb-spacing-left-large:1.92%;--awb-width-medium:100%;--awb-order-medium:0;--awb-spacing-right-medium:1.92%;--awb-spacing-left-medium:1.92%;--awb-width-small:100%;--awb-order-small:0;--awb-spacing-right-small:1.92%;--awb-spacing-left-small:1.92%;\"><div class=\"fusion-column-wrapper fusion-column-has-shadow fusion-flex-justify-content-flex-start fusion-content-layout-column\"><div class=\"fusion-text fusion-text-6\" style=\"--awb-content-alignment:justify;--awb-margin-top:-10px;--awb-margin-right:5px;--awb-margin-left:5px;\"><div id=\"TheTexte\" class=\"Texte\" lang=\"zxx\">\n<p><strong>A propos de l&rsquo;Advisory\u00a0Board\u00a0d&rsquo;Aequivalent\u00a0<\/strong><\/p>\n<p><span data-contrast=\"auto\">L&rsquo;Advisory\u00a0Board\u00a0d&rsquo;Aequivalent\u00a0se r\u00e9unit au minimum 3 fois par an. Il apporte au comit\u00e9 de direction de l&rsquo;entreprise un avis ind\u00e9pendant sur la strat\u00e9gie de l&rsquo;entreprise et une connaissance compl\u00e9mentaire des march\u00e9s pour les solutions propos\u00e9es par\u00a0Aequivalent. Les membres de l&rsquo;Advisory\u00a0Board\u00a0aident\u00a0Aequivalent\u00a0\u00e0 d\u00e9velopper son r\u00e9seau par une visibilit\u00e9 et\u00a0une repr\u00e9sentativit\u00e9 accrue\u00a0et par la proposition de partenariats op\u00e9rationnels ou strat\u00e9giques potentiels. Enfin, les membres de l&rsquo;Advisory\u00a0Board\u00a0donnent des \u00ab\u00a0conseils techniques\u00a0\u00bb sur des questions pertinentes dans les domaines des RH, de la num\u00e9risation, du d\u00e9veloppement informatique, de la conformit\u00e9, de la gouvernance, du marketing et de la communication,\u00a0ainsi que sur des march\u00e9s et des secteurs sp\u00e9cifiques qui sont pertinents pour\u00a0Aequivalent.<\/span><span data-ccp-props=\"{\">\u00a0<\/span><\/p>\n<\/div>\n<\/div><div style=\"text-align:right;\"><a class=\"fusion-button button-flat fusion-button-default-size button-default fusion-button-default button-1 fusion-button-default-span fusion-button-default-type\" style=\"--button_margin-bottom:15px;\" target=\"_self\" href=\"https:\/\/www.aequivalent.ch\/fr\/careers\/#advisory\"><span class=\"fusion-button-text awb-button__text awb-button__text--default\">D\u00e9couvrez les membres de l&rsquo;Advisory Board<\/span><\/a><\/div><\/div><\/div><\/div><\/div><div class=\"fusion-fullwidth fullwidth-box fusion-builder-row-4 fusion-flex-container nonhundred-percent-fullwidth non-hundred-percent-height-scrolling\" style=\"--awb-border-radius-top-left:0px;--awb-border-radius-top-right:0px;--awb-border-radius-bottom-right:0px;--awb-border-radius-bottom-left:0px;--awb-margin-bottom:-60px;--awb-flex-wrap:wrap;\" ><div class=\"fusion-builder-row fusion-row fusion-flex-align-items-flex-start fusion-flex-content-wrap\" style=\"max-width:1206.4px;margin-left: calc(-4% \/ 2 );margin-right: calc(-4% \/ 2 );\"><div class=\"fusion-layout-column fusion_builder_column fusion-builder-column-5 fusion_builder_column_1_1 1_1 fusion-flex-column\" style=\"--awb-bg-size:cover;--awb-width-large:100%;--awb-margin-top-large:25px;--awb-spacing-right-large:1.92%;--awb-margin-bottom-large:-20px;--awb-spacing-left-large:1.92%;--awb-width-medium:100%;--awb-order-medium:0;--awb-spacing-right-medium:1.92%;--awb-spacing-left-medium:1.92%;--awb-width-small:100%;--awb-order-small:0;--awb-spacing-right-small:1.92%;--awb-spacing-left-small:1.92%;\"><div class=\"fusion-column-wrapper fusion-column-has-shadow fusion-flex-justify-content-flex-start fusion-content-layout-column\"><div class=\"fusion-separator fusion-full-width-sep\" style=\"align-self: center;margin-left: auto;margin-right: auto;width:100%;max-width:100%;\"><div class=\"fusion-separator-border sep-single sep-solid\" style=\"--awb-height:20px;--awb-amount:20px;border-color:#9e1510;border-top-width:1px;\"><\/div><\/div><\/div><\/div><div class=\"fusion-layout-column fusion_builder_column fusion-builder-column-6 fusion_builder_column_1_2 1_2 fusion-flex-column\" style=\"--awb-bg-size:cover;--awb-width-large:50%;--awb-margin-top-large:25px;--awb-spacing-right-large:3.84%;--awb-margin-bottom-large:25px;--awb-spacing-left-large:3.84%;--awb-width-medium:100%;--awb-order-medium:0;--awb-spacing-right-medium:1.92%;--awb-spacing-left-medium:1.92%;--awb-width-small:100%;--awb-order-small:0;--awb-spacing-right-small:1.92%;--awb-spacing-left-small:1.92%;\"><div class=\"fusion-column-wrapper fusion-column-has-shadow fusion-flex-justify-content-flex-start fusion-content-layout-column\"><div class=\"fusion-text fusion-text-7\" style=\"--awb-font-size:14px;\"><p>Date de publication : 26.08.2021<\/p>\n<\/div><\/div><\/div><div class=\"fusion-layout-column fusion_builder_column fusion-builder-column-7 fusion_builder_column_1_2 1_2 fusion-flex-column\" style=\"--awb-bg-size:cover;--awb-width-large:50%;--awb-margin-top-large:25px;--awb-spacing-right-large:3.84%;--awb-margin-bottom-large:25px;--awb-spacing-left-large:3.84%;--awb-width-medium:100%;--awb-order-medium:0;--awb-spacing-right-medium:1.92%;--awb-spacing-left-medium:1.92%;--awb-width-small:100%;--awb-order-small:0;--awb-spacing-right-small:1.92%;--awb-spacing-left-small:1.92%;\"><div class=\"fusion-column-wrapper fusion-column-has-shadow fusion-flex-justify-content-flex-start fusion-content-layout-column\"><div class=\"fusion-text fusion-text-8\"><p style=\"text-align: right; font-size: 14px;\">Auteur : L&rsquo;\u00e9quipe Marketing et Vente d&rsquo;Aequivalent<\/p>\n<\/div><\/div><\/div><\/div><\/div><\/p>\n","protected":false},"excerpt":{"rendered":"","protected":false},"author":6,"featured_media":13642,"comment_status":"open","ping_status":"open","sticky":false,"template":"","format":"standard","meta":{"footnotes":""},"categories":[210],"tags":[],"class_list":["post-13229","post","type-post","status-publish","format-standard","has-post-thumbnail","hentry","category-publications"],"yoast_head":"<!-- This site is optimized with the Yoast SEO Premium plugin v27.4 (Yoast SEO v27.5) - https:\/\/yoast.com\/product\/yoast-seo-premium-wordpress\/ -->\n<title>Yvonne Muri rejoint notre Advisory Board | Aequivalent<\/title>\n<meta name=\"description\" content=\"Experte en gestion strat\u00e9gique et op\u00e9rationnelle des ressources humaines, Yvonne Muri rejoint notre Advisory Board.\" \/>\n<meta name=\"robots\" content=\"index, follow, max-snippet:-1, max-image-preview:large, max-video-preview:-1\" \/>\n<link rel=\"canonical\" href=\"https:\/\/www.aequivalent.ch\/fr\/yvonne-muri-advisory-board\/\" \/>\n<meta property=\"og:locale\" content=\"fr_FR\" \/>\n<meta property=\"og:type\" content=\"article\" \/>\n<meta property=\"og:title\" content=\"Yvonne MURI, membre de l&#039;Advisory Board d&#039;Aequivalent\" \/>\n<meta property=\"og:description\" content=\"Experte en gestion strat\u00e9gique et op\u00e9rationnelle des ressources humaines, Yvonne Muri rejoint notre Advisory Board.\" \/>\n<meta property=\"og:url\" content=\"https:\/\/www.aequivalent.ch\/fr\/yvonne-muri-advisory-board\/\" \/>\n<meta property=\"og:site_name\" content=\"Aequivalent\" \/>\n<meta property=\"article:published_time\" content=\"2021-08-26T07:47:05+00:00\" \/>\n<meta property=\"article:modified_time\" content=\"2025-08-28T14:13:41+00:00\" \/>\n<meta property=\"og:image\" content=\"https:\/\/www.aequivalent.ch\/wp-content\/uploads\/2021\/08\/Photo-Yvonne-Muri-Photo_Mise_En_Avant-1.jpg\" \/>\n\t<meta property=\"og:image:width\" content=\"439\" \/>\n\t<meta property=\"og:image:height\" content=\"372\" \/>\n\t<meta property=\"og:image:type\" content=\"image\/jpeg\" \/>\n<meta name=\"author\" content=\"Webmaster\" \/>\n<meta name=\"twitter:card\" content=\"summary_large_image\" \/>\n<meta name=\"twitter:label1\" content=\"\u00c9crit par\" \/>\n\t<meta name=\"twitter:data1\" content=\"Webmaster\" \/>\n\t<meta name=\"twitter:label2\" content=\"Dur\u00e9e de lecture estim\u00e9e\" \/>\n\t<meta name=\"twitter:data2\" content=\"9 minutes\" \/>\n<script type=\"application\/ld+json\" class=\"yoast-schema-graph\">{\"@context\":\"https:\\\/\\\/schema.org\",\"@graph\":[{\"@type\":\"Article\",\"@id\":\"https:\\\/\\\/www.aequivalent.ch\\\/fr\\\/yvonne-muri-advisory-board\\\/#article\",\"isPartOf\":{\"@id\":\"https:\\\/\\\/www.aequivalent.ch\\\/fr\\\/yvonne-muri-advisory-board\\\/\"},\"author\":{\"name\":\"Webmaster\",\"@id\":\"https:\\\/\\\/www.aequivalent.ch\\\/fr\\\/#\\\/schema\\\/person\\\/a4ccfd8bd331104156059d50761eab76\"},\"headline\":\"Yvonne MURI, membre de l&rsquo;Advisory Board d&rsquo;Aequivalent\",\"datePublished\":\"2021-08-26T07:47:05+00:00\",\"dateModified\":\"2025-08-28T14:13:41+00:00\",\"mainEntityOfPage\":{\"@id\":\"https:\\\/\\\/www.aequivalent.ch\\\/fr\\\/yvonne-muri-advisory-board\\\/\"},\"wordCount\":4503,\"commentCount\":0,\"publisher\":{\"@id\":\"https:\\\/\\\/www.aequivalent.ch\\\/fr\\\/#organization\"},\"image\":{\"@id\":\"https:\\\/\\\/www.aequivalent.ch\\\/fr\\\/yvonne-muri-advisory-board\\\/#primaryimage\"},\"thumbnailUrl\":\"https:\\\/\\\/www.aequivalent.ch\\\/wp-content\\\/uploads\\\/2021\\\/08\\\/Photo-Yvonne-Muri-Photo_Mise_En_Avant-1.jpg\",\"articleSection\":[\"Publications\"],\"inLanguage\":\"fr-FR\",\"potentialAction\":[{\"@type\":\"CommentAction\",\"name\":\"Comment\",\"target\":[\"https:\\\/\\\/www.aequivalent.ch\\\/fr\\\/yvonne-muri-advisory-board\\\/#respond\"]}]},{\"@type\":\"WebPage\",\"@id\":\"https:\\\/\\\/www.aequivalent.ch\\\/fr\\\/yvonne-muri-advisory-board\\\/\",\"url\":\"https:\\\/\\\/www.aequivalent.ch\\\/fr\\\/yvonne-muri-advisory-board\\\/\",\"name\":\"Yvonne Muri rejoint notre Advisory Board | Aequivalent\",\"isPartOf\":{\"@id\":\"https:\\\/\\\/www.aequivalent.ch\\\/fr\\\/#website\"},\"primaryImageOfPage\":{\"@id\":\"https:\\\/\\\/www.aequivalent.ch\\\/fr\\\/yvonne-muri-advisory-board\\\/#primaryimage\"},\"image\":{\"@id\":\"https:\\\/\\\/www.aequivalent.ch\\\/fr\\\/yvonne-muri-advisory-board\\\/#primaryimage\"},\"thumbnailUrl\":\"https:\\\/\\\/www.aequivalent.ch\\\/wp-content\\\/uploads\\\/2021\\\/08\\\/Photo-Yvonne-Muri-Photo_Mise_En_Avant-1.jpg\",\"datePublished\":\"2021-08-26T07:47:05+00:00\",\"dateModified\":\"2025-08-28T14:13:41+00:00\",\"description\":\"Experte en gestion strat\u00e9gique et op\u00e9rationnelle des ressources humaines, Yvonne Muri rejoint notre Advisory Board.\",\"breadcrumb\":{\"@id\":\"https:\\\/\\\/www.aequivalent.ch\\\/fr\\\/yvonne-muri-advisory-board\\\/#breadcrumb\"},\"inLanguage\":\"fr-FR\",\"potentialAction\":[{\"@type\":\"ReadAction\",\"target\":[\"https:\\\/\\\/www.aequivalent.ch\\\/fr\\\/yvonne-muri-advisory-board\\\/\"]}]},{\"@type\":\"ImageObject\",\"inLanguage\":\"fr-FR\",\"@id\":\"https:\\\/\\\/www.aequivalent.ch\\\/fr\\\/yvonne-muri-advisory-board\\\/#primaryimage\",\"url\":\"https:\\\/\\\/www.aequivalent.ch\\\/wp-content\\\/uploads\\\/2021\\\/08\\\/Photo-Yvonne-Muri-Photo_Mise_En_Avant-1.jpg\",\"contentUrl\":\"https:\\\/\\\/www.aequivalent.ch\\\/wp-content\\\/uploads\\\/2021\\\/08\\\/Photo-Yvonne-Muri-Photo_Mise_En_Avant-1.jpg\",\"width\":439,\"height\":372},{\"@type\":\"BreadcrumbList\",\"@id\":\"https:\\\/\\\/www.aequivalent.ch\\\/fr\\\/yvonne-muri-advisory-board\\\/#breadcrumb\",\"itemListElement\":[{\"@type\":\"ListItem\",\"position\":1,\"name\":\"Home\",\"item\":\"https:\\\/\\\/www.aequivalent.ch\\\/fr\\\/\"},{\"@type\":\"ListItem\",\"position\":2,\"name\":\"Yvonne MURI, membre de l&rsquo;Advisory Board d&rsquo;Aequivalent\"}]},{\"@type\":\"WebSite\",\"@id\":\"https:\\\/\\\/www.aequivalent.ch\\\/fr\\\/#website\",\"url\":\"https:\\\/\\\/www.aequivalent.ch\\\/fr\\\/\",\"name\":\"Aequivalent\",\"description\":\"Quality in employment\",\"publisher\":{\"@id\":\"https:\\\/\\\/www.aequivalent.ch\\\/fr\\\/#organization\"},\"potentialAction\":[{\"@type\":\"SearchAction\",\"target\":{\"@type\":\"EntryPoint\",\"urlTemplate\":\"https:\\\/\\\/www.aequivalent.ch\\\/fr\\\/?s={search_term_string}\"},\"query-input\":{\"@type\":\"PropertyValueSpecification\",\"valueRequired\":true,\"valueName\":\"search_term_string\"}}],\"inLanguage\":\"fr-FR\"},{\"@type\":\"Organization\",\"@id\":\"https:\\\/\\\/www.aequivalent.ch\\\/fr\\\/#organization\",\"name\":\"Aequivalent\",\"url\":\"https:\\\/\\\/www.aequivalent.ch\\\/fr\\\/\",\"logo\":{\"@type\":\"ImageObject\",\"inLanguage\":\"fr-FR\",\"@id\":\"https:\\\/\\\/www.aequivalent.ch\\\/fr\\\/#\\\/schema\\\/logo\\\/image\\\/\",\"url\":\"https:\\\/\\\/www.aequivalent.ch\\\/wp-content\\\/uploads\\\/2021\\\/11\\\/logotype-aeq-rvb-bleu-300.png\",\"contentUrl\":\"https:\\\/\\\/www.aequivalent.ch\\\/wp-content\\\/uploads\\\/2021\\\/11\\\/logotype-aeq-rvb-bleu-300.png\",\"width\":8000,\"height\":1479,\"caption\":\"Aequivalent\"},\"image\":{\"@id\":\"https:\\\/\\\/www.aequivalent.ch\\\/fr\\\/#\\\/schema\\\/logo\\\/image\\\/\"}},{\"@type\":\"Person\",\"@id\":\"https:\\\/\\\/www.aequivalent.ch\\\/fr\\\/#\\\/schema\\\/person\\\/a4ccfd8bd331104156059d50761eab76\",\"name\":\"Webmaster\",\"image\":{\"@type\":\"ImageObject\",\"inLanguage\":\"fr-FR\",\"@id\":\"https:\\\/\\\/secure.gravatar.com\\\/avatar\\\/73d9711e06196cb069fb6ed94908e1dd1c482ba9be5c3f40339a94871bd8fab2?s=96&d=mm&r=g\",\"url\":\"https:\\\/\\\/secure.gravatar.com\\\/avatar\\\/73d9711e06196cb069fb6ed94908e1dd1c482ba9be5c3f40339a94871bd8fab2?s=96&d=mm&r=g\",\"contentUrl\":\"https:\\\/\\\/secure.gravatar.com\\\/avatar\\\/73d9711e06196cb069fb6ed94908e1dd1c482ba9be5c3f40339a94871bd8fab2?s=96&d=mm&r=g\",\"caption\":\"Webmaster\"}}]}<\/script>\n<!-- \/ Yoast SEO Premium plugin. -->","yoast_head_json":{"title":"Yvonne Muri rejoint notre Advisory Board | Aequivalent","description":"Experte en gestion strat\u00e9gique et op\u00e9rationnelle des ressources humaines, Yvonne Muri rejoint notre Advisory Board.","robots":{"index":"index","follow":"follow","max-snippet":"max-snippet:-1","max-image-preview":"max-image-preview:large","max-video-preview":"max-video-preview:-1"},"canonical":"https:\/\/www.aequivalent.ch\/fr\/yvonne-muri-advisory-board\/","og_locale":"fr_FR","og_type":"article","og_title":"Yvonne MURI, membre de l'Advisory Board d'Aequivalent","og_description":"Experte en gestion strat\u00e9gique et op\u00e9rationnelle des ressources humaines, Yvonne Muri rejoint notre Advisory Board.","og_url":"https:\/\/www.aequivalent.ch\/fr\/yvonne-muri-advisory-board\/","og_site_name":"Aequivalent","article_published_time":"2021-08-26T07:47:05+00:00","article_modified_time":"2025-08-28T14:13:41+00:00","og_image":[{"width":439,"height":372,"url":"https:\/\/www.aequivalent.ch\/wp-content\/uploads\/2021\/08\/Photo-Yvonne-Muri-Photo_Mise_En_Avant-1.jpg","type":"image\/jpeg"}],"author":"Webmaster","twitter_card":"summary_large_image","twitter_misc":{"\u00c9crit par":"Webmaster","Dur\u00e9e de lecture estim\u00e9e":"9 minutes"},"schema":{"@context":"https:\/\/schema.org","@graph":[{"@type":"Article","@id":"https:\/\/www.aequivalent.ch\/fr\/yvonne-muri-advisory-board\/#article","isPartOf":{"@id":"https:\/\/www.aequivalent.ch\/fr\/yvonne-muri-advisory-board\/"},"author":{"name":"Webmaster","@id":"https:\/\/www.aequivalent.ch\/fr\/#\/schema\/person\/a4ccfd8bd331104156059d50761eab76"},"headline":"Yvonne MURI, membre de l&rsquo;Advisory Board d&rsquo;Aequivalent","datePublished":"2021-08-26T07:47:05+00:00","dateModified":"2025-08-28T14:13:41+00:00","mainEntityOfPage":{"@id":"https:\/\/www.aequivalent.ch\/fr\/yvonne-muri-advisory-board\/"},"wordCount":4503,"commentCount":0,"publisher":{"@id":"https:\/\/www.aequivalent.ch\/fr\/#organization"},"image":{"@id":"https:\/\/www.aequivalent.ch\/fr\/yvonne-muri-advisory-board\/#primaryimage"},"thumbnailUrl":"https:\/\/www.aequivalent.ch\/wp-content\/uploads\/2021\/08\/Photo-Yvonne-Muri-Photo_Mise_En_Avant-1.jpg","articleSection":["Publications"],"inLanguage":"fr-FR","potentialAction":[{"@type":"CommentAction","name":"Comment","target":["https:\/\/www.aequivalent.ch\/fr\/yvonne-muri-advisory-board\/#respond"]}]},{"@type":"WebPage","@id":"https:\/\/www.aequivalent.ch\/fr\/yvonne-muri-advisory-board\/","url":"https:\/\/www.aequivalent.ch\/fr\/yvonne-muri-advisory-board\/","name":"Yvonne Muri rejoint notre Advisory Board | Aequivalent","isPartOf":{"@id":"https:\/\/www.aequivalent.ch\/fr\/#website"},"primaryImageOfPage":{"@id":"https:\/\/www.aequivalent.ch\/fr\/yvonne-muri-advisory-board\/#primaryimage"},"image":{"@id":"https:\/\/www.aequivalent.ch\/fr\/yvonne-muri-advisory-board\/#primaryimage"},"thumbnailUrl":"https:\/\/www.aequivalent.ch\/wp-content\/uploads\/2021\/08\/Photo-Yvonne-Muri-Photo_Mise_En_Avant-1.jpg","datePublished":"2021-08-26T07:47:05+00:00","dateModified":"2025-08-28T14:13:41+00:00","description":"Experte en gestion strat\u00e9gique et op\u00e9rationnelle des ressources humaines, Yvonne Muri rejoint notre Advisory Board.","breadcrumb":{"@id":"https:\/\/www.aequivalent.ch\/fr\/yvonne-muri-advisory-board\/#breadcrumb"},"inLanguage":"fr-FR","potentialAction":[{"@type":"ReadAction","target":["https:\/\/www.aequivalent.ch\/fr\/yvonne-muri-advisory-board\/"]}]},{"@type":"ImageObject","inLanguage":"fr-FR","@id":"https:\/\/www.aequivalent.ch\/fr\/yvonne-muri-advisory-board\/#primaryimage","url":"https:\/\/www.aequivalent.ch\/wp-content\/uploads\/2021\/08\/Photo-Yvonne-Muri-Photo_Mise_En_Avant-1.jpg","contentUrl":"https:\/\/www.aequivalent.ch\/wp-content\/uploads\/2021\/08\/Photo-Yvonne-Muri-Photo_Mise_En_Avant-1.jpg","width":439,"height":372},{"@type":"BreadcrumbList","@id":"https:\/\/www.aequivalent.ch\/fr\/yvonne-muri-advisory-board\/#breadcrumb","itemListElement":[{"@type":"ListItem","position":1,"name":"Home","item":"https:\/\/www.aequivalent.ch\/fr\/"},{"@type":"ListItem","position":2,"name":"Yvonne MURI, membre de l&rsquo;Advisory Board d&rsquo;Aequivalent"}]},{"@type":"WebSite","@id":"https:\/\/www.aequivalent.ch\/fr\/#website","url":"https:\/\/www.aequivalent.ch\/fr\/","name":"Aequivalent","description":"Quality in employment","publisher":{"@id":"https:\/\/www.aequivalent.ch\/fr\/#organization"},"potentialAction":[{"@type":"SearchAction","target":{"@type":"EntryPoint","urlTemplate":"https:\/\/www.aequivalent.ch\/fr\/?s={search_term_string}"},"query-input":{"@type":"PropertyValueSpecification","valueRequired":true,"valueName":"search_term_string"}}],"inLanguage":"fr-FR"},{"@type":"Organization","@id":"https:\/\/www.aequivalent.ch\/fr\/#organization","name":"Aequivalent","url":"https:\/\/www.aequivalent.ch\/fr\/","logo":{"@type":"ImageObject","inLanguage":"fr-FR","@id":"https:\/\/www.aequivalent.ch\/fr\/#\/schema\/logo\/image\/","url":"https:\/\/www.aequivalent.ch\/wp-content\/uploads\/2021\/11\/logotype-aeq-rvb-bleu-300.png","contentUrl":"https:\/\/www.aequivalent.ch\/wp-content\/uploads\/2021\/11\/logotype-aeq-rvb-bleu-300.png","width":8000,"height":1479,"caption":"Aequivalent"},"image":{"@id":"https:\/\/www.aequivalent.ch\/fr\/#\/schema\/logo\/image\/"}},{"@type":"Person","@id":"https:\/\/www.aequivalent.ch\/fr\/#\/schema\/person\/a4ccfd8bd331104156059d50761eab76","name":"Webmaster","image":{"@type":"ImageObject","inLanguage":"fr-FR","@id":"https:\/\/secure.gravatar.com\/avatar\/73d9711e06196cb069fb6ed94908e1dd1c482ba9be5c3f40339a94871bd8fab2?s=96&d=mm&r=g","url":"https:\/\/secure.gravatar.com\/avatar\/73d9711e06196cb069fb6ed94908e1dd1c482ba9be5c3f40339a94871bd8fab2?s=96&d=mm&r=g","contentUrl":"https:\/\/secure.gravatar.com\/avatar\/73d9711e06196cb069fb6ed94908e1dd1c482ba9be5c3f40339a94871bd8fab2?s=96&d=mm&r=g","caption":"Webmaster"}}]}},"_links":{"self":[{"href":"https:\/\/www.aequivalent.ch\/fr\/wp-json\/wp\/v2\/posts\/13229","targetHints":{"allow":["GET"]}}],"collection":[{"href":"https:\/\/www.aequivalent.ch\/fr\/wp-json\/wp\/v2\/posts"}],"about":[{"href":"https:\/\/www.aequivalent.ch\/fr\/wp-json\/wp\/v2\/types\/post"}],"author":[{"embeddable":true,"href":"https:\/\/www.aequivalent.ch\/fr\/wp-json\/wp\/v2\/users\/6"}],"replies":[{"embeddable":true,"href":"https:\/\/www.aequivalent.ch\/fr\/wp-json\/wp\/v2\/comments?post=13229"}],"version-history":[{"count":0,"href":"https:\/\/www.aequivalent.ch\/fr\/wp-json\/wp\/v2\/posts\/13229\/revisions"}],"wp:featuredmedia":[{"embeddable":true,"href":"https:\/\/www.aequivalent.ch\/fr\/wp-json\/wp\/v2\/media\/13642"}],"wp:attachment":[{"href":"https:\/\/www.aequivalent.ch\/fr\/wp-json\/wp\/v2\/media?parent=13229"}],"wp:term":[{"taxonomy":"category","embeddable":true,"href":"https:\/\/www.aequivalent.ch\/fr\/wp-json\/wp\/v2\/categories?post=13229"},{"taxonomy":"post_tag","embeddable":true,"href":"https:\/\/www.aequivalent.ch\/fr\/wp-json\/wp\/v2\/tags?post=13229"}],"curies":[{"name":"wp","href":"https:\/\/api.w.org\/{rel}","templated":true}]}}