{"id":12821,"date":"2021-09-09T15:58:00","date_gmt":"2021-09-09T13:58:00","guid":{"rendered":"https:\/\/www.aequivalent.ch\/?p=12821"},"modified":"2025-08-28T16:12:37","modified_gmt":"2025-08-28T14:12:37","slug":"aequivalent-nomme-une-nouvelle-co-presidence-pour-son-advisory-board","status":"publish","type":"post","link":"https:\/\/www.aequivalent.ch\/fr\/aequivalent-nomme-une-nouvelle-co-presidence-pour-son-advisory-board\/","title":{"rendered":"Aequivalent nomme une nouvelle Co-Pr\u00e9sidence pour son Advisory Board"},"content":{"rendered":"<p><div class=\"fusion-fullwidth fullwidth-box fusion-builder-row-1 fusion-flex-container nonhundred-percent-fullwidth non-hundred-percent-height-scrolling\" style=\"--awb-border-radius-top-left:0px;--awb-border-radius-top-right:0px;--awb-border-radius-bottom-right:0px;--awb-border-radius-bottom-left:0px;--awb-flex-wrap:wrap;\" ><div class=\"fusion-builder-row fusion-row fusion-flex-align-items-flex-start fusion-flex-content-wrap\" style=\"max-width:1206.4px;margin-left: calc(-4% \/ 2 );margin-right: calc(-4% \/ 2 );\"><div class=\"fusion-layout-column fusion_builder_column fusion-builder-column-0 fusion-flex-column\" style=\"--awb-bg-size:cover;--awb-width-large:26.2%;--awb-margin-top-large:25px;--awb-spacing-right-large:7.3282442748092%;--awb-margin-bottom-large:25px;--awb-spacing-left-large:7.3282442748092%;--awb-width-medium:100%;--awb-order-medium:0;--awb-spacing-right-medium:1.92%;--awb-spacing-left-medium:1.92%;--awb-width-small:100%;--awb-order-small:0;--awb-spacing-right-small:1.92%;--awb-spacing-left-small:1.92%;\"><div class=\"fusion-column-wrapper fusion-column-has-shadow fusion-flex-justify-content-flex-start fusion-content-layout-column\"><div class=\"fusion-image-element \" style=\"--awb-margin-bottom:5px;--awb-caption-title-font-family:var(--h2_typography-font-family);--awb-caption-title-font-weight:var(--h2_typography-font-weight);--awb-caption-title-font-style:var(--h2_typography-font-style);--awb-caption-title-size:var(--h2_typography-font-size);--awb-caption-title-transform:var(--h2_typography-text-transform);--awb-caption-title-line-height:var(--h2_typography-line-height);--awb-caption-title-letter-spacing:var(--h2_typography-letter-spacing);\"><span class=\" fusion-imageframe imageframe-none imageframe-1 hover-type-none\"><a class=\"fusion-no-lightbox\" href=\"https:\/\/www.aequivalent.ch\/fr\/muriel-widmer-advisory-board\/\" target=\"_self\" aria-label=\"Muriel055-recadree\"><img decoding=\"async\" width=\"600\" height=\"625\" src=\"https:\/\/www.aequivalent.ch\/wp-content\/uploads\/2021\/08\/Muriel055-recadree-600x625.jpg\" alt class=\"img-responsive wp-image-12822\" srcset=\"https:\/\/www.aequivalent.ch\/wp-content\/uploads\/2021\/08\/Muriel055-recadree-200x208.jpg 200w, https:\/\/www.aequivalent.ch\/wp-content\/uploads\/2021\/08\/Muriel055-recadree-400x416.jpg 400w, https:\/\/www.aequivalent.ch\/wp-content\/uploads\/2021\/08\/Muriel055-recadree-600x625.jpg 600w, https:\/\/www.aequivalent.ch\/wp-content\/uploads\/2021\/08\/Muriel055-recadree-800x833.jpg 800w, https:\/\/www.aequivalent.ch\/wp-content\/uploads\/2021\/08\/Muriel055-recadree.jpg 995w\" sizes=\"(max-width: 1024px) 100vw, (max-width: 640px) 100vw, 400px\" \/><\/a><\/span><\/div><div class=\"fusion-separator\" style=\"align-self: flex-start;margin-right:auto;margin-top:15px;margin-bottom:10px;width:100%;max-width:157px;\"><div class=\"fusion-separator-border sep-single sep-solid\" style=\"--awb-height:20px;--awb-amount:20px;border-color:#9e1510;border-top-width:3px;\"><\/div><\/div><div class=\"fusion-text fusion-text-1 fusion-text-no-margin\" style=\"--awb-margin-top:1px;--awb-margin-bottom:20px;\"><h5><a href=\"https:\/\/www.aequivalent.ch\/fr\/muriel-widmer-advisory-board\/\"><strong>Muriel Widmer<\/strong><\/a><\/h5>\n<\/div><div class=\"fusion-image-element \" style=\"--awb-margin-top:5px;--awb-caption-title-font-family:var(--h2_typography-font-family);--awb-caption-title-font-weight:var(--h2_typography-font-weight);--awb-caption-title-font-style:var(--h2_typography-font-style);--awb-caption-title-size:var(--h2_typography-font-size);--awb-caption-title-transform:var(--h2_typography-text-transform);--awb-caption-title-line-height:var(--h2_typography-line-height);--awb-caption-title-letter-spacing:var(--h2_typography-letter-spacing);\"><span class=\" fusion-imageframe imageframe-none imageframe-2 hover-type-none\"><a class=\"fusion-no-lightbox\" href=\"https:\/\/www.aequivalent.ch\/fr\/urs-huegli-advisory-board\/\" target=\"_self\" aria-label=\"Urs-Hu\u0308gli-543&#215;543-recadree\"><img decoding=\"async\" width=\"533\" height=\"543\" src=\"https:\/\/www.aequivalent.ch\/wp-content\/uploads\/2021\/08\/Urs-Hu\u0308gli-543x543-recadree.jpg\" alt class=\"img-responsive wp-image-12826\" srcset=\"https:\/\/www.aequivalent.ch\/wp-content\/uploads\/2021\/08\/Urs-Hu\u0308gli-543x543-recadree-200x204.jpg 200w, https:\/\/www.aequivalent.ch\/wp-content\/uploads\/2021\/08\/Urs-Hu\u0308gli-543x543-recadree-400x408.jpg 400w, https:\/\/www.aequivalent.ch\/wp-content\/uploads\/2021\/08\/Urs-Hu\u0308gli-543x543-recadree.jpg 533w\" sizes=\"(max-width: 1024px) 100vw, (max-width: 640px) 100vw, 400px\" \/><\/a><\/span><\/div><div class=\"fusion-separator\" style=\"align-self: flex-start;margin-right:auto;margin-top:15px;margin-bottom:10px;width:100%;max-width:157px;\"><div class=\"fusion-separator-border sep-single sep-solid\" style=\"--awb-height:20px;--awb-amount:20px;border-color:#9e1510;border-top-width:3px;\"><\/div><\/div><div class=\"fusion-text fusion-text-2\" style=\"--awb-margin-top:5px;\"><h5><a href=\"https:\/\/www.aequivalent.ch\/fr\/urs-huegli-advisory-board\/\"><strong>Urs H\u00fcgli<\/strong><\/a><\/h5>\n<\/div><\/div><\/div><div class=\"fusion-layout-column fusion_builder_column fusion-builder-column-1 fusion_builder_column_2_3 2_3 fusion-flex-column\" style=\"--awb-bg-size:cover;--awb-width-large:66.666666666667%;--awb-margin-top-large:25px;--awb-spacing-right-large:2.88%;--awb-margin-bottom-large:25px;--awb-spacing-left-large:2.88%;--awb-width-medium:100%;--awb-order-medium:0;--awb-spacing-right-medium:1.92%;--awb-spacing-left-medium:1.92%;--awb-width-small:100%;--awb-order-small:0;--awb-spacing-right-small:1.92%;--awb-spacing-left-small:1.92%;\"><div class=\"fusion-column-wrapper fusion-column-has-shadow fusion-flex-justify-content-flex-start fusion-content-layout-column\"><div class=\"fusion-text fusion-text-3\" style=\"--awb-content-alignment:justify;\"><p>Aequivalent annonce aujourd&rsquo;hui la nomination de <strong><a href=\"https:\/\/www.aequivalent.ch\/fr\/muriel-widmer-advisory-board\/\">Muriel WIDMER<\/a><\/strong> et <strong><a href=\"https:\/\/www.aequivalent.ch\/fr\/urs-huegli-advisory-board\/\">Urs H\u00dcGLI<\/a><\/strong> \u00e0 la pr\u00e9sidence partag\u00e9e de son Advisory Board \u00e0 partir du 1er septembre 2021. Ils succ\u00e8dent \u00e0 Dominique-Alain FREYMOND qui a annonc\u00e9 sa retraite l\u2018ann\u00e9e derni\u00e8re et qui a facilit\u00e9 la transition. En tant que premier pr\u00e9sident et membre fondateur de l\u2019Advisory Board, <a href=\"https:\/\/www.aequivalent.ch\/fr\/dominique-freymond-advisory-board\/\"><strong>Dominique-Alain FREYMOND<\/strong><\/a> a accept\u00e9 d\u2019en rester membre honoraire.<\/p>\n<p>Cette annonce fait suite \u00e0 la r\u00e9cente d\u00e9cision d\u2018Aequivalent d\u2019acc\u00e9l\u00e9rer le d\u00e9veloppement de ses activit\u00e9s et de doubler ses effectifs dans les deux ann\u00e9es \u00e0 venir. Bien que la croissance de la soci\u00e9t\u00e9 ait \u00e9t\u00e9 ralentie par le premier Lockdown de la crise sanitaire de COVID en 2020, elle a depuis renou\u00e9 avec succ\u00e8s avec sa croissance rapide.<\/p>\n<\/div><div class=\"fusion-text fusion-text-4\" style=\"--awb-content-alignment:justify;\"><p>Avec Muriel WIDMER et Urs H\u00dcGLI, qui ont rejoint l\u2018Advisory Board d\u00e9j\u00e0 respectivement en 2020 et 2021, Aequivalent a trouv\u00e9 une combinaison id\u00e9ale d\u2018experts capables de les conseiller sur les questions de gouvernance et de conformit\u00e9, ainsi que sur les d\u00e9fis de croissance organisationnelle qui accompagnent cette \u00ab\u00a0<strong>Scale-up\u00a0<\/strong>\u00bb.<\/p>\n<\/div><\/div><\/div><\/div><\/div><div class=\"fusion-fullwidth fullwidth-box fusion-builder-row-2 fusion-flex-container nonhundred-percent-fullwidth non-hundred-percent-height-scrolling\" style=\"--awb-border-radius-top-left:0px;--awb-border-radius-top-right:0px;--awb-border-radius-bottom-right:0px;--awb-border-radius-bottom-left:0px;--awb-flex-wrap:wrap;\" ><div class=\"fusion-builder-row fusion-row fusion-flex-align-items-flex-start fusion-flex-content-wrap\" style=\"max-width:1206.4px;margin-left: calc(-4% \/ 2 );margin-right: calc(-4% \/ 2 );\"><div class=\"fusion-layout-column fusion_builder_column fusion-builder-column-2 fusion_builder_column_1_1 1_1 fusion-flex-column\" style=\"--awb-overflow:hidden;--awb-bg-color:#a0dcfa;--awb-bg-color-hover:#a0dcfa;--awb-bg-size:cover;--awb-border-color:#a0dcfa;--awb-border-top:65px;--awb-border-right:13px;--awb-border-bottom:13px;--awb-border-left:13px;--awb-border-style:solid;--awb-border-radius:30px 0px 30px 0px;--awb-width-large:100%;--awb-margin-top-large:25px;--awb-spacing-right-large:1.92%;--awb-margin-bottom-large:25px;--awb-spacing-left-large:1.92%;--awb-width-medium:100%;--awb-order-medium:0;--awb-spacing-right-medium:1.92%;--awb-spacing-left-medium:1.92%;--awb-width-small:100%;--awb-order-small:0;--awb-spacing-right-small:1.92%;--awb-spacing-left-small:1.92%;\"><div class=\"fusion-column-wrapper fusion-column-has-shadow fusion-flex-justify-content-flex-start fusion-content-layout-column\"><div class=\"fusion-text fusion-text-5\" style=\"--awb-content-alignment:justify;\"><p style=\"font-family: Roobert-Semibold;\">A propos de l&rsquo;Advisory d&rsquo;Aequivalent<\/p>\n<p style=\"text-align: justify;\">L\u2018Advisory Board d\u2018Aequivalent est compl\u00e9t\u00e9 par Pius BIENZ, Vincent HORT, Penny SCHIFFER et, en tant que membre le plus r\u00e9cent, <a href=\"https:\/\/www.aequivalent.ch\/fr\/?p=13229&amp;preview=true\"><strong>Yvonne MURI<\/strong><\/a>. Des profils plus d\u00e9taill\u00e9s des membres du Advisory Board sont disponibles <strong>ici<\/strong> sur le site web d\u2019Aequivalent.<\/p>\n<p style=\"text-align: justify;\">Les membres se r\u00e9unissent au minimum 3 fois par an et apportent au comit\u00e9 de direction de l&rsquo;entreprise un avis ind\u00e9pendant sur la strat\u00e9gie de l&rsquo;entreprise et une connaissance compl\u00e9mentaire des march\u00e9s pour les solutions propos\u00e9es par Aequivalent.<\/p>\n<p style=\"text-align: justify;\">L&rsquo;Advisory Board aide Aequivalent \u00e0 d\u00e9velopper son r\u00e9seau par une visibilit\u00e9 et une repr\u00e9sentativit\u00e9 accrue et par la proposition de partenariats op\u00e9rationnels ou strat\u00e9giques potentiels. Enfin, les membres de l&rsquo;Advisory Board donnent des \u00ab\u00a0conseils techniques\u00a0\u00bb sur des questions pertinentes dans les domaines des RH, de la num\u00e9risation, du d\u00e9veloppement informatique, de la conformit\u00e9, de la gouvernance, du marketing et de la communication, ainsi que sur des march\u00e9s et des secteurs sp\u00e9cifiques qui sont pertinents pour Aequivalent.<\/p>\n<\/div><\/div><\/div><\/div><\/div><div class=\"fusion-fullwidth fullwidth-box fusion-builder-row-3 fusion-flex-container nonhundred-percent-fullwidth non-hundred-percent-height-scrolling\" style=\"--awb-border-radius-top-left:0px;--awb-border-radius-top-right:0px;--awb-border-radius-bottom-right:0px;--awb-border-radius-bottom-left:0px;--awb-flex-wrap:wrap;\" ><div class=\"fusion-builder-row fusion-row fusion-flex-align-items-flex-start fusion-flex-content-wrap\" style=\"max-width:1206.4px;margin-left: calc(-4% \/ 2 );margin-right: calc(-4% \/ 2 );\"><div class=\"fusion-layout-column fusion_builder_column fusion-builder-column-3 fusion_builder_column_1_1 1_1 fusion-flex-column\" style=\"--awb-padding-top:20px;--awb-padding-left:3px;--awb-overflow:hidden;--awb-bg-size:cover;--awb-border-radius:30px 0px 30px 0px;--awb-width-large:100%;--awb-margin-top-large:25px;--awb-spacing-right-large:1.92%;--awb-margin-bottom-large:25px;--awb-spacing-left-large:1.92%;--awb-width-medium:100%;--awb-order-medium:0;--awb-spacing-right-medium:1.92%;--awb-spacing-left-medium:1.92%;--awb-width-small:100%;--awb-order-small:0;--awb-spacing-right-small:1.92%;--awb-spacing-left-small:1.92%;\"><div class=\"fusion-column-wrapper fusion-column-has-shadow fusion-flex-justify-content-flex-start fusion-content-layout-column\"><div class=\"fusion-separator\" style=\"align-self: flex-start;margin-right:auto;margin-top:-15px;margin-bottom:40px;width:100%;max-width:300px;\"><div class=\"fusion-separator-border sep-single sep-solid\" style=\"--awb-height:20px;--awb-amount:20px;border-color:#9e1510;border-top-width:3px;\"><\/div><\/div><div class=\"fusion-text fusion-text-6\" style=\"--awb-content-alignment:justify;\"><p style=\"font-family: Roobert-Semibold;\">A propos d\u2019Aequivalent<\/p>\n<p style=\"text-align: justify;\">Fond\u00e9e en tant que start-up en 2015 et bas\u00e9e \u00e0 Y-Parc \u00e0 Yverdon-les-Bains, Aequivalent est la principale plateforme num\u00e9rique de Suisse pour la v\u00e9rification des ant\u00e9c\u00e9dents (\u00abBackground-checks\u00bb). L\u2019entreprise et la plateforme v\u00e9rifient et offrent des informations qui aident les employeurs suisses \u00e0 diminuer les erreurs de recrutement. Aequivalent publie \u00e9galement des <a href=\"https:\/\/www.aequivalent.ch\/fr\/les-statistiques-sur-lintegrite-pour-2020\/\"><strong>statistiques<\/strong> <\/a>annuelles sur l\u2019int\u00e9grit\u00e9 des candidats et des employ\u00e9s.<\/p>\n<p style=\"text-align: justify;\">Organisation certifi\u00e9e ISO 27001 (s\u00e9curit\u00e9 de l\u2019information), Aequivalent est 100% Swiss Made et partenaire d\u2019initiatives telles que Trust Valley et Swissmade Software. Elle soutient \u00e9galement la SNV, l\u2019Association Suisse de Normalisation, en tant que partenaire technique dans certains comit\u00e9s. Pour plus d\u2019informations, n\u2019h\u00e9sitez pas \u00e0 nous contacter.<\/p>\n<\/div><\/div><\/div><\/div><\/div><div class=\"fusion-fullwidth fullwidth-box fusion-builder-row-4 fusion-flex-container nonhundred-percent-fullwidth non-hundred-percent-height-scrolling\" style=\"--awb-border-radius-top-left:0px;--awb-border-radius-top-right:0px;--awb-border-radius-bottom-right:0px;--awb-border-radius-bottom-left:0px;--awb-margin-bottom:-60px;--awb-flex-wrap:wrap;\" ><div class=\"fusion-builder-row fusion-row fusion-flex-align-items-flex-start fusion-flex-content-wrap\" style=\"max-width:1206.4px;margin-left: calc(-4% \/ 2 );margin-right: calc(-4% \/ 2 );\"><div class=\"fusion-layout-column fusion_builder_column fusion-builder-column-4 fusion_builder_column_1_1 1_1 fusion-flex-column\" style=\"--awb-bg-size:cover;--awb-width-large:100%;--awb-margin-top-large:25px;--awb-spacing-right-large:1.92%;--awb-margin-bottom-large:-20px;--awb-spacing-left-large:1.92%;--awb-width-medium:100%;--awb-order-medium:0;--awb-spacing-right-medium:1.92%;--awb-spacing-left-medium:1.92%;--awb-width-small:100%;--awb-order-small:0;--awb-spacing-right-small:1.92%;--awb-spacing-left-small:1.92%;\"><div class=\"fusion-column-wrapper fusion-column-has-shadow fusion-flex-justify-content-flex-start fusion-content-layout-column\"><div class=\"fusion-separator fusion-full-width-sep\" style=\"align-self: center;margin-left: auto;margin-right: auto;width:100%;max-width:100%;\"><div class=\"fusion-separator-border sep-single sep-solid\" style=\"--awb-height:20px;--awb-amount:20px;border-color:#9e1510;border-top-width:1px;\"><\/div><\/div><\/div><\/div><div class=\"fusion-layout-column fusion_builder_column fusion-builder-column-5 fusion_builder_column_1_2 1_2 fusion-flex-column\" style=\"--awb-bg-size:cover;--awb-width-large:50%;--awb-margin-top-large:25px;--awb-spacing-right-large:3.84%;--awb-margin-bottom-large:25px;--awb-spacing-left-large:3.84%;--awb-width-medium:100%;--awb-order-medium:0;--awb-spacing-right-medium:1.92%;--awb-spacing-left-medium:1.92%;--awb-width-small:100%;--awb-order-small:0;--awb-spacing-right-small:1.92%;--awb-spacing-left-small:1.92%;\"><div class=\"fusion-column-wrapper fusion-column-has-shadow fusion-flex-justify-content-flex-start fusion-content-layout-column\"><div class=\"fusion-text fusion-text-7\"><p style=\"text-align: left; font-size: 14px;\">Date de publication : 10.09.2021<\/p>\n<\/div><\/div><\/div><div class=\"fusion-layout-column fusion_builder_column fusion-builder-column-6 fusion_builder_column_1_2 1_2 fusion-flex-column\" style=\"--awb-bg-size:cover;--awb-width-large:50%;--awb-margin-top-large:25px;--awb-spacing-right-large:3.84%;--awb-margin-bottom-large:25px;--awb-spacing-left-large:3.84%;--awb-width-medium:100%;--awb-order-medium:0;--awb-spacing-right-medium:1.92%;--awb-spacing-left-medium:1.92%;--awb-width-small:100%;--awb-order-small:0;--awb-spacing-right-small:1.92%;--awb-spacing-left-small:1.92%;\"><div class=\"fusion-column-wrapper fusion-column-has-shadow fusion-flex-justify-content-flex-start fusion-content-layout-column\"><div class=\"fusion-text fusion-text-8\"><p style=\"text-align: right; font-size: 14px;\">Auteur : L&rsquo;\u00e9quipe Marketing et Vente d&rsquo;Aequivalent<\/p>\n<\/div><\/div><\/div><\/div><\/div><\/p>\n","protected":false},"excerpt":{"rendered":"","protected":false},"author":6,"featured_media":13361,"comment_status":"open","ping_status":"open","sticky":false,"template":"","format":"standard","meta":{"footnotes":""},"categories":[210],"tags":[],"class_list":["post-12821","post","type-post","status-publish","format-standard","has-post-thumbnail","hentry","category-publications"],"yoast_head":"<!-- This site is optimized with the Yoast SEO Premium plugin v27.4 (Yoast SEO v27.5) - https:\/\/yoast.com\/product\/yoast-seo-premium-wordpress\/ -->\n<title>Aequivalent nomme une nouvelle Co-Pr\u00e9sidence pour son Advisory Board | Aequivalent<\/title>\n<meta name=\"robots\" content=\"index, follow, max-snippet:-1, max-image-preview:large, max-video-preview:-1\" \/>\n<link rel=\"canonical\" href=\"https:\/\/www.aequivalent.ch\/fr\/aequivalent-nomme-une-nouvelle-co-presidence-pour-son-advisory-board\/\" \/>\n<meta property=\"og:locale\" content=\"fr_FR\" \/>\n<meta property=\"og:type\" content=\"article\" \/>\n<meta property=\"og:title\" content=\"Aequivalent nomme une nouvelle Co-Pr\u00e9sidence pour son Advisory Board\" \/>\n<meta property=\"og:url\" content=\"https:\/\/www.aequivalent.ch\/fr\/aequivalent-nomme-une-nouvelle-co-presidence-pour-son-advisory-board\/\" \/>\n<meta property=\"og:site_name\" content=\"Aequivalent\" \/>\n<meta property=\"article:published_time\" content=\"2021-09-09T13:58:00+00:00\" \/>\n<meta property=\"article:modified_time\" content=\"2025-08-28T14:12:37+00:00\" \/>\n<meta property=\"og:image\" content=\"https:\/\/www.aequivalent.ch\/wp-content\/uploads\/2021\/08\/test-urs-muriel-copie-Mathieu-1.jpg\" \/>\n\t<meta property=\"og:image:width\" content=\"2560\" \/>\n\t<meta property=\"og:image:height\" content=\"1848\" \/>\n\t<meta property=\"og:image:type\" content=\"image\/jpeg\" \/>\n<meta name=\"author\" content=\"Webmaster\" \/>\n<meta name=\"twitter:card\" content=\"summary_large_image\" \/>\n<meta name=\"twitter:label1\" content=\"\u00c9crit par\" \/>\n\t<meta name=\"twitter:data1\" content=\"Webmaster\" \/>\n\t<meta name=\"twitter:label2\" content=\"Dur\u00e9e de lecture estim\u00e9e\" \/>\n\t<meta name=\"twitter:data2\" content=\"11 minutes\" \/>\n<script type=\"application\/ld+json\" class=\"yoast-schema-graph\">{\"@context\":\"https:\\\/\\\/schema.org\",\"@graph\":[{\"@type\":\"Article\",\"@id\":\"https:\\\/\\\/www.aequivalent.ch\\\/fr\\\/aequivalent-nomme-une-nouvelle-co-presidence-pour-son-advisory-board\\\/#article\",\"isPartOf\":{\"@id\":\"https:\\\/\\\/www.aequivalent.ch\\\/fr\\\/aequivalent-nomme-une-nouvelle-co-presidence-pour-son-advisory-board\\\/\"},\"author\":{\"name\":\"Webmaster\",\"@id\":\"https:\\\/\\\/www.aequivalent.ch\\\/fr\\\/#\\\/schema\\\/person\\\/a4ccfd8bd331104156059d50761eab76\"},\"headline\":\"Aequivalent nomme une nouvelle Co-Pr\u00e9sidence pour son Advisory Board\",\"datePublished\":\"2021-09-09T13:58:00+00:00\",\"dateModified\":\"2025-08-28T14:12:37+00:00\",\"mainEntityOfPage\":{\"@id\":\"https:\\\/\\\/www.aequivalent.ch\\\/fr\\\/aequivalent-nomme-une-nouvelle-co-presidence-pour-son-advisory-board\\\/\"},\"wordCount\":4573,\"commentCount\":0,\"publisher\":{\"@id\":\"https:\\\/\\\/www.aequivalent.ch\\\/fr\\\/#organization\"},\"image\":{\"@id\":\"https:\\\/\\\/www.aequivalent.ch\\\/fr\\\/aequivalent-nomme-une-nouvelle-co-presidence-pour-son-advisory-board\\\/#primaryimage\"},\"thumbnailUrl\":\"https:\\\/\\\/www.aequivalent.ch\\\/wp-content\\\/uploads\\\/2021\\\/08\\\/test-urs-muriel-copie-Mathieu-1.jpg\",\"articleSection\":[\"Publications\"],\"inLanguage\":\"fr-FR\",\"potentialAction\":[{\"@type\":\"CommentAction\",\"name\":\"Comment\",\"target\":[\"https:\\\/\\\/www.aequivalent.ch\\\/fr\\\/aequivalent-nomme-une-nouvelle-co-presidence-pour-son-advisory-board\\\/#respond\"]}]},{\"@type\":\"WebPage\",\"@id\":\"https:\\\/\\\/www.aequivalent.ch\\\/fr\\\/aequivalent-nomme-une-nouvelle-co-presidence-pour-son-advisory-board\\\/\",\"url\":\"https:\\\/\\\/www.aequivalent.ch\\\/fr\\\/aequivalent-nomme-une-nouvelle-co-presidence-pour-son-advisory-board\\\/\",\"name\":\"Aequivalent nomme une nouvelle Co-Pr\u00e9sidence pour son Advisory Board | Aequivalent\",\"isPartOf\":{\"@id\":\"https:\\\/\\\/www.aequivalent.ch\\\/fr\\\/#website\"},\"primaryImageOfPage\":{\"@id\":\"https:\\\/\\\/www.aequivalent.ch\\\/fr\\\/aequivalent-nomme-une-nouvelle-co-presidence-pour-son-advisory-board\\\/#primaryimage\"},\"image\":{\"@id\":\"https:\\\/\\\/www.aequivalent.ch\\\/fr\\\/aequivalent-nomme-une-nouvelle-co-presidence-pour-son-advisory-board\\\/#primaryimage\"},\"thumbnailUrl\":\"https:\\\/\\\/www.aequivalent.ch\\\/wp-content\\\/uploads\\\/2021\\\/08\\\/test-urs-muriel-copie-Mathieu-1.jpg\",\"datePublished\":\"2021-09-09T13:58:00+00:00\",\"dateModified\":\"2025-08-28T14:12:37+00:00\",\"breadcrumb\":{\"@id\":\"https:\\\/\\\/www.aequivalent.ch\\\/fr\\\/aequivalent-nomme-une-nouvelle-co-presidence-pour-son-advisory-board\\\/#breadcrumb\"},\"inLanguage\":\"fr-FR\",\"potentialAction\":[{\"@type\":\"ReadAction\",\"target\":[\"https:\\\/\\\/www.aequivalent.ch\\\/fr\\\/aequivalent-nomme-une-nouvelle-co-presidence-pour-son-advisory-board\\\/\"]}]},{\"@type\":\"ImageObject\",\"inLanguage\":\"fr-FR\",\"@id\":\"https:\\\/\\\/www.aequivalent.ch\\\/fr\\\/aequivalent-nomme-une-nouvelle-co-presidence-pour-son-advisory-board\\\/#primaryimage\",\"url\":\"https:\\\/\\\/www.aequivalent.ch\\\/wp-content\\\/uploads\\\/2021\\\/08\\\/test-urs-muriel-copie-Mathieu-1.jpg\",\"contentUrl\":\"https:\\\/\\\/www.aequivalent.ch\\\/wp-content\\\/uploads\\\/2021\\\/08\\\/test-urs-muriel-copie-Mathieu-1.jpg\",\"width\":2560,\"height\":1848,\"caption\":\"Urs H\u00fcgli & Muriel Widmer\"},{\"@type\":\"BreadcrumbList\",\"@id\":\"https:\\\/\\\/www.aequivalent.ch\\\/fr\\\/aequivalent-nomme-une-nouvelle-co-presidence-pour-son-advisory-board\\\/#breadcrumb\",\"itemListElement\":[{\"@type\":\"ListItem\",\"position\":1,\"name\":\"Home\",\"item\":\"https:\\\/\\\/www.aequivalent.ch\\\/fr\\\/\"},{\"@type\":\"ListItem\",\"position\":2,\"name\":\"Aequivalent nomme une nouvelle Co-Pr\u00e9sidence pour son Advisory Board\"}]},{\"@type\":\"WebSite\",\"@id\":\"https:\\\/\\\/www.aequivalent.ch\\\/fr\\\/#website\",\"url\":\"https:\\\/\\\/www.aequivalent.ch\\\/fr\\\/\",\"name\":\"Aequivalent\",\"description\":\"Quality in employment\",\"publisher\":{\"@id\":\"https:\\\/\\\/www.aequivalent.ch\\\/fr\\\/#organization\"},\"potentialAction\":[{\"@type\":\"SearchAction\",\"target\":{\"@type\":\"EntryPoint\",\"urlTemplate\":\"https:\\\/\\\/www.aequivalent.ch\\\/fr\\\/?s={search_term_string}\"},\"query-input\":{\"@type\":\"PropertyValueSpecification\",\"valueRequired\":true,\"valueName\":\"search_term_string\"}}],\"inLanguage\":\"fr-FR\"},{\"@type\":\"Organization\",\"@id\":\"https:\\\/\\\/www.aequivalent.ch\\\/fr\\\/#organization\",\"name\":\"Aequivalent\",\"url\":\"https:\\\/\\\/www.aequivalent.ch\\\/fr\\\/\",\"logo\":{\"@type\":\"ImageObject\",\"inLanguage\":\"fr-FR\",\"@id\":\"https:\\\/\\\/www.aequivalent.ch\\\/fr\\\/#\\\/schema\\\/logo\\\/image\\\/\",\"url\":\"https:\\\/\\\/www.aequivalent.ch\\\/wp-content\\\/uploads\\\/2021\\\/11\\\/logotype-aeq-rvb-bleu-300.png\",\"contentUrl\":\"https:\\\/\\\/www.aequivalent.ch\\\/wp-content\\\/uploads\\\/2021\\\/11\\\/logotype-aeq-rvb-bleu-300.png\",\"width\":8000,\"height\":1479,\"caption\":\"Aequivalent\"},\"image\":{\"@id\":\"https:\\\/\\\/www.aequivalent.ch\\\/fr\\\/#\\\/schema\\\/logo\\\/image\\\/\"}},{\"@type\":\"Person\",\"@id\":\"https:\\\/\\\/www.aequivalent.ch\\\/fr\\\/#\\\/schema\\\/person\\\/a4ccfd8bd331104156059d50761eab76\",\"name\":\"Webmaster\",\"image\":{\"@type\":\"ImageObject\",\"inLanguage\":\"fr-FR\",\"@id\":\"https:\\\/\\\/secure.gravatar.com\\\/avatar\\\/73d9711e06196cb069fb6ed94908e1dd1c482ba9be5c3f40339a94871bd8fab2?s=96&d=mm&r=g\",\"url\":\"https:\\\/\\\/secure.gravatar.com\\\/avatar\\\/73d9711e06196cb069fb6ed94908e1dd1c482ba9be5c3f40339a94871bd8fab2?s=96&d=mm&r=g\",\"contentUrl\":\"https:\\\/\\\/secure.gravatar.com\\\/avatar\\\/73d9711e06196cb069fb6ed94908e1dd1c482ba9be5c3f40339a94871bd8fab2?s=96&d=mm&r=g\",\"caption\":\"Webmaster\"}}]}<\/script>\n<!-- \/ Yoast SEO Premium plugin. -->","yoast_head_json":{"title":"Aequivalent nomme une nouvelle Co-Pr\u00e9sidence pour son Advisory Board | Aequivalent","robots":{"index":"index","follow":"follow","max-snippet":"max-snippet:-1","max-image-preview":"max-image-preview:large","max-video-preview":"max-video-preview:-1"},"canonical":"https:\/\/www.aequivalent.ch\/fr\/aequivalent-nomme-une-nouvelle-co-presidence-pour-son-advisory-board\/","og_locale":"fr_FR","og_type":"article","og_title":"Aequivalent nomme une nouvelle Co-Pr\u00e9sidence pour son Advisory Board","og_url":"https:\/\/www.aequivalent.ch\/fr\/aequivalent-nomme-une-nouvelle-co-presidence-pour-son-advisory-board\/","og_site_name":"Aequivalent","article_published_time":"2021-09-09T13:58:00+00:00","article_modified_time":"2025-08-28T14:12:37+00:00","og_image":[{"width":2560,"height":1848,"url":"https:\/\/www.aequivalent.ch\/wp-content\/uploads\/2021\/08\/test-urs-muriel-copie-Mathieu-1.jpg","type":"image\/jpeg"}],"author":"Webmaster","twitter_card":"summary_large_image","twitter_misc":{"\u00c9crit par":"Webmaster","Dur\u00e9e de lecture estim\u00e9e":"11 minutes"},"schema":{"@context":"https:\/\/schema.org","@graph":[{"@type":"Article","@id":"https:\/\/www.aequivalent.ch\/fr\/aequivalent-nomme-une-nouvelle-co-presidence-pour-son-advisory-board\/#article","isPartOf":{"@id":"https:\/\/www.aequivalent.ch\/fr\/aequivalent-nomme-une-nouvelle-co-presidence-pour-son-advisory-board\/"},"author":{"name":"Webmaster","@id":"https:\/\/www.aequivalent.ch\/fr\/#\/schema\/person\/a4ccfd8bd331104156059d50761eab76"},"headline":"Aequivalent nomme une nouvelle Co-Pr\u00e9sidence pour son Advisory Board","datePublished":"2021-09-09T13:58:00+00:00","dateModified":"2025-08-28T14:12:37+00:00","mainEntityOfPage":{"@id":"https:\/\/www.aequivalent.ch\/fr\/aequivalent-nomme-une-nouvelle-co-presidence-pour-son-advisory-board\/"},"wordCount":4573,"commentCount":0,"publisher":{"@id":"https:\/\/www.aequivalent.ch\/fr\/#organization"},"image":{"@id":"https:\/\/www.aequivalent.ch\/fr\/aequivalent-nomme-une-nouvelle-co-presidence-pour-son-advisory-board\/#primaryimage"},"thumbnailUrl":"https:\/\/www.aequivalent.ch\/wp-content\/uploads\/2021\/08\/test-urs-muriel-copie-Mathieu-1.jpg","articleSection":["Publications"],"inLanguage":"fr-FR","potentialAction":[{"@type":"CommentAction","name":"Comment","target":["https:\/\/www.aequivalent.ch\/fr\/aequivalent-nomme-une-nouvelle-co-presidence-pour-son-advisory-board\/#respond"]}]},{"@type":"WebPage","@id":"https:\/\/www.aequivalent.ch\/fr\/aequivalent-nomme-une-nouvelle-co-presidence-pour-son-advisory-board\/","url":"https:\/\/www.aequivalent.ch\/fr\/aequivalent-nomme-une-nouvelle-co-presidence-pour-son-advisory-board\/","name":"Aequivalent nomme une nouvelle Co-Pr\u00e9sidence pour son Advisory Board | Aequivalent","isPartOf":{"@id":"https:\/\/www.aequivalent.ch\/fr\/#website"},"primaryImageOfPage":{"@id":"https:\/\/www.aequivalent.ch\/fr\/aequivalent-nomme-une-nouvelle-co-presidence-pour-son-advisory-board\/#primaryimage"},"image":{"@id":"https:\/\/www.aequivalent.ch\/fr\/aequivalent-nomme-une-nouvelle-co-presidence-pour-son-advisory-board\/#primaryimage"},"thumbnailUrl":"https:\/\/www.aequivalent.ch\/wp-content\/uploads\/2021\/08\/test-urs-muriel-copie-Mathieu-1.jpg","datePublished":"2021-09-09T13:58:00+00:00","dateModified":"2025-08-28T14:12:37+00:00","breadcrumb":{"@id":"https:\/\/www.aequivalent.ch\/fr\/aequivalent-nomme-une-nouvelle-co-presidence-pour-son-advisory-board\/#breadcrumb"},"inLanguage":"fr-FR","potentialAction":[{"@type":"ReadAction","target":["https:\/\/www.aequivalent.ch\/fr\/aequivalent-nomme-une-nouvelle-co-presidence-pour-son-advisory-board\/"]}]},{"@type":"ImageObject","inLanguage":"fr-FR","@id":"https:\/\/www.aequivalent.ch\/fr\/aequivalent-nomme-une-nouvelle-co-presidence-pour-son-advisory-board\/#primaryimage","url":"https:\/\/www.aequivalent.ch\/wp-content\/uploads\/2021\/08\/test-urs-muriel-copie-Mathieu-1.jpg","contentUrl":"https:\/\/www.aequivalent.ch\/wp-content\/uploads\/2021\/08\/test-urs-muriel-copie-Mathieu-1.jpg","width":2560,"height":1848,"caption":"Urs H\u00fcgli & Muriel Widmer"},{"@type":"BreadcrumbList","@id":"https:\/\/www.aequivalent.ch\/fr\/aequivalent-nomme-une-nouvelle-co-presidence-pour-son-advisory-board\/#breadcrumb","itemListElement":[{"@type":"ListItem","position":1,"name":"Home","item":"https:\/\/www.aequivalent.ch\/fr\/"},{"@type":"ListItem","position":2,"name":"Aequivalent nomme une nouvelle Co-Pr\u00e9sidence pour son Advisory Board"}]},{"@type":"WebSite","@id":"https:\/\/www.aequivalent.ch\/fr\/#website","url":"https:\/\/www.aequivalent.ch\/fr\/","name":"Aequivalent","description":"Quality in employment","publisher":{"@id":"https:\/\/www.aequivalent.ch\/fr\/#organization"},"potentialAction":[{"@type":"SearchAction","target":{"@type":"EntryPoint","urlTemplate":"https:\/\/www.aequivalent.ch\/fr\/?s={search_term_string}"},"query-input":{"@type":"PropertyValueSpecification","valueRequired":true,"valueName":"search_term_string"}}],"inLanguage":"fr-FR"},{"@type":"Organization","@id":"https:\/\/www.aequivalent.ch\/fr\/#organization","name":"Aequivalent","url":"https:\/\/www.aequivalent.ch\/fr\/","logo":{"@type":"ImageObject","inLanguage":"fr-FR","@id":"https:\/\/www.aequivalent.ch\/fr\/#\/schema\/logo\/image\/","url":"https:\/\/www.aequivalent.ch\/wp-content\/uploads\/2021\/11\/logotype-aeq-rvb-bleu-300.png","contentUrl":"https:\/\/www.aequivalent.ch\/wp-content\/uploads\/2021\/11\/logotype-aeq-rvb-bleu-300.png","width":8000,"height":1479,"caption":"Aequivalent"},"image":{"@id":"https:\/\/www.aequivalent.ch\/fr\/#\/schema\/logo\/image\/"}},{"@type":"Person","@id":"https:\/\/www.aequivalent.ch\/fr\/#\/schema\/person\/a4ccfd8bd331104156059d50761eab76","name":"Webmaster","image":{"@type":"ImageObject","inLanguage":"fr-FR","@id":"https:\/\/secure.gravatar.com\/avatar\/73d9711e06196cb069fb6ed94908e1dd1c482ba9be5c3f40339a94871bd8fab2?s=96&d=mm&r=g","url":"https:\/\/secure.gravatar.com\/avatar\/73d9711e06196cb069fb6ed94908e1dd1c482ba9be5c3f40339a94871bd8fab2?s=96&d=mm&r=g","contentUrl":"https:\/\/secure.gravatar.com\/avatar\/73d9711e06196cb069fb6ed94908e1dd1c482ba9be5c3f40339a94871bd8fab2?s=96&d=mm&r=g","caption":"Webmaster"}}]}},"_links":{"self":[{"href":"https:\/\/www.aequivalent.ch\/fr\/wp-json\/wp\/v2\/posts\/12821","targetHints":{"allow":["GET"]}}],"collection":[{"href":"https:\/\/www.aequivalent.ch\/fr\/wp-json\/wp\/v2\/posts"}],"about":[{"href":"https:\/\/www.aequivalent.ch\/fr\/wp-json\/wp\/v2\/types\/post"}],"author":[{"embeddable":true,"href":"https:\/\/www.aequivalent.ch\/fr\/wp-json\/wp\/v2\/users\/6"}],"replies":[{"embeddable":true,"href":"https:\/\/www.aequivalent.ch\/fr\/wp-json\/wp\/v2\/comments?post=12821"}],"version-history":[{"count":0,"href":"https:\/\/www.aequivalent.ch\/fr\/wp-json\/wp\/v2\/posts\/12821\/revisions"}],"wp:featuredmedia":[{"embeddable":true,"href":"https:\/\/www.aequivalent.ch\/fr\/wp-json\/wp\/v2\/media\/13361"}],"wp:attachment":[{"href":"https:\/\/www.aequivalent.ch\/fr\/wp-json\/wp\/v2\/media?parent=12821"}],"wp:term":[{"taxonomy":"category","embeddable":true,"href":"https:\/\/www.aequivalent.ch\/fr\/wp-json\/wp\/v2\/categories?post=12821"},{"taxonomy":"post_tag","embeddable":true,"href":"https:\/\/www.aequivalent.ch\/fr\/wp-json\/wp\/v2\/tags?post=12821"}],"curies":[{"name":"wp","href":"https:\/\/api.w.org\/{rel}","templated":true}]}}