{"id":4940,"date":"2020-06-30T13:59:58","date_gmt":"2020-06-30T11:59:58","guid":{"rendered":"https:\/\/www.aequivalent.ch\/?p=4940"},"modified":"2025-08-28T16:16:38","modified_gmt":"2025-08-28T14:16:38","slug":"aktualisierte-einverstaendniserklaerung-der-schutz-ihrer-daten-hat-fuer-uns-prioritaet","status":"publish","type":"post","link":"https:\/\/www.aequivalent.ch\/de\/aktualisierte-einverstaendniserklaerung-der-schutz-ihrer-daten-hat-fuer-uns-prioritaet\/","title":{"rendered":"Aktualisierte Einverst\u00e4ndniserkl\u00e4rung &#8211; Der Schutz Ihrer Daten hat f\u00fcr uns Priorit\u00e4t."},"content":{"rendered":"<p><div class=\"fusion-fullwidth fullwidth-box fusion-builder-row-1 nonhundred-percent-fullwidth non-hundred-percent-height-scrolling\" style=\"--awb-border-radius-top-left:0px;--awb-border-radius-top-right:0px;--awb-border-radius-bottom-right:0px;--awb-border-radius-bottom-left:0px;--awb-flex-wrap:wrap;\" ><div class=\"fusion-builder-row fusion-row\"><div class=\"fusion-layout-column fusion_builder_column fusion-builder-column-0 fusion_builder_column_1_1 1_1 fusion-one-full fusion-column-first fusion-column-last\" style=\"--awb-bg-size:cover;--awb-margin-top:0px;--awb-margin-bottom:0px;\"><div class=\"fusion-column-wrapper fusion-flex-column-wrapper-legacy\"><div class=\"fusion-text fusion-text-1\"><div class=\"\">\n<p>Bitte beachten Sie, dass die Aequivalent AG die Einverst\u00e4ndniserkl\u00e4rung f\u00fcr Personen, die einem Hintergrund\u00fcberpr\u00fcfungsprogramm unterliegen, aktualisiert hat.<\/p>\n<\/div>\n<p>Die neue Zustimmungserkl\u00e4rung gilt ab <strong>1. Juli 2020<\/strong>.<\/p>\n<p>Im Folgenden sind die Punkte aufgef\u00fchrt, die in der neuen Version ge\u00e4ndert oder pr\u00e4zisiert wurden:<\/p>\n<ul>\n<li>Beschr\u00e4nkung und Spezifizierung der verarbeiteten Daten: Es werden nur die Informationen gepr\u00fcft und verarbeitet, die von der betroffenen Person zur Verf\u00fcgung gestellt sowie in den vom Auftraggeber ausgew\u00e4hlten Programmen vorgesehen sind.<\/li>\n<li>Zeitliche Beschr\u00e4nkung der Einverst\u00e4ndniserkl\u00e4rung (auf das laufende Pr\u00fcfverfahren).<\/li>\n<li>Pr\u00e4zisierung und Best\u00e4tigung der Irreversibilit\u00e4t der L\u00f6schung und Anonymisierung der Daten.<\/li>\n<li>Ausdr\u00fcckliche Best\u00e4tigung, dass die Daten in \u00dcbereinstimmung mit der Datenschutzgesetzgebung verarbeitet werden.<\/li>\n<li>F\u00fcr Minderj\u00e4hrige ist die Unterschrift eines gesetzlichen Vertreters erforderlich.<\/li>\n<li>Standardisierung von Einverst\u00e4ndniserkl\u00e4rungen und Foren f\u00fcr die verschiedenen Verifizierungsprogramme (&#8222;pre-employment&#8220; und &#8222;in-employment&#8220;).<\/li>\n<li>Franz\u00f6sische, deutsche und englische Versionen in einem Dokument.<\/li>\n<\/ul>\n<p>Wir danken Ihnen f\u00fcr Ihr Vertrauen.<\/p>\n<p>F\u00fcr weitere Informationen steht Ihnen Mahandry RAMBININTSOA, Datenschutzbeauftragter von Aequivalent AG, gerne zur Verf\u00fcgung.<\/p>\n<div class=\"\">Sie k\u00f6nnen ihn <a style=\"color: #9e1510; font-size: 18px; text-decoration: underline;\" href=\"https:\/\/www.aequivalent.ch\/de\/kontakt\/\">HIER<\/a> kontaktieren.<\/div>\n<\/div><div class=\"fusion-clearfix\"><\/div><\/div><\/div><\/div><\/div><div class=\"fusion-fullwidth fullwidth-box fusion-builder-row-2 fusion-flex-container nonhundred-percent-fullwidth non-hundred-percent-height-scrolling\" style=\"--awb-border-radius-top-left:0px;--awb-border-radius-top-right:0px;--awb-border-radius-bottom-right:0px;--awb-border-radius-bottom-left:0px;--awb-margin-bottom:-60px;--awb-flex-wrap:wrap;\" ><div class=\"fusion-builder-row fusion-row fusion-flex-align-items-flex-start fusion-flex-content-wrap\" style=\"max-width:1206.4px;margin-left: calc(-4% \/ 2 );margin-right: calc(-4% \/ 2 );\"><div class=\"fusion-layout-column fusion_builder_column fusion-builder-column-1 fusion_builder_column_1_1 1_1 fusion-flex-column\" style=\"--awb-bg-size:cover;--awb-width-large:100%;--awb-margin-top-large:25px;--awb-spacing-right-large:1.92%;--awb-margin-bottom-large:-20px;--awb-spacing-left-large:1.92%;--awb-width-medium:100%;--awb-order-medium:0;--awb-spacing-right-medium:1.92%;--awb-spacing-left-medium:1.92%;--awb-width-small:100%;--awb-order-small:0;--awb-spacing-right-small:1.92%;--awb-spacing-left-small:1.92%;\"><div class=\"fusion-column-wrapper fusion-column-has-shadow fusion-flex-justify-content-flex-start fusion-content-layout-column\"><div class=\"fusion-separator fusion-full-width-sep\" style=\"align-self: center;margin-left: auto;margin-right: auto;width:100%;max-width:100%;\"><div class=\"fusion-separator-border sep-single sep-solid\" style=\"--awb-height:20px;--awb-amount:20px;border-color:#9e1510;border-top-width:1px;\"><\/div><\/div><\/div><\/div><div class=\"fusion-layout-column fusion_builder_column fusion-builder-column-2 fusion_builder_column_1_2 1_2 fusion-flex-column\" style=\"--awb-bg-size:cover;--awb-width-large:50%;--awb-margin-top-large:25px;--awb-spacing-right-large:3.84%;--awb-margin-bottom-large:25px;--awb-spacing-left-large:3.84%;--awb-width-medium:100%;--awb-order-medium:0;--awb-spacing-right-medium:1.92%;--awb-spacing-left-medium:1.92%;--awb-width-small:100%;--awb-order-small:0;--awb-spacing-right-small:1.92%;--awb-spacing-left-small:1.92%;\"><div class=\"fusion-column-wrapper fusion-column-has-shadow fusion-flex-justify-content-flex-start fusion-content-layout-column\"><div class=\"fusion-text fusion-text-2\"><p style=\"text-align: left; font-size: 14px;\">Datum Erstver\u00f6ffentlichung : 30.06.2020<\/p>\n<\/div><\/div><\/div><div class=\"fusion-layout-column fusion_builder_column fusion-builder-column-3 fusion_builder_column_1_2 1_2 fusion-flex-column\" style=\"--awb-bg-size:cover;--awb-width-large:50%;--awb-margin-top-large:25px;--awb-spacing-right-large:3.84%;--awb-margin-bottom-large:25px;--awb-spacing-left-large:3.84%;--awb-width-medium:100%;--awb-order-medium:0;--awb-spacing-right-medium:1.92%;--awb-spacing-left-medium:1.92%;--awb-width-small:100%;--awb-order-small:0;--awb-spacing-right-small:1.92%;--awb-spacing-left-small:1.92%;\"><div class=\"fusion-column-wrapper fusion-column-has-shadow fusion-flex-justify-content-flex-start fusion-content-layout-column\"><div class=\"fusion-text fusion-text-3\"><p style=\"text-align: right; font-size: 14px;\">Autor: Marketing- und Sales-Team von Aequivalent<\/p>\n<\/div><\/div><\/div><\/div><\/div><\/p>\n","protected":false},"excerpt":{"rendered":"","protected":false},"author":6,"featured_media":4928,"comment_status":"closed","ping_status":"open","sticky":false,"template":"","format":"standard","meta":{"footnotes":""},"categories":[221],"tags":[],"class_list":["post-4940","post","type-post","status-publish","format-standard","has-post-thumbnail","hentry","category-news-de"],"yoast_head":"<!-- This site is optimized with the Yoast SEO Premium plugin v27.4 (Yoast SEO v27.5) - https:\/\/yoast.com\/product\/yoast-seo-premium-wordpress\/ -->\n<title>Aktualisierte Einverst\u00e4ndniserkl\u00e4rung - Der Schutz Ihrer Daten hat f\u00fcr uns Priorit\u00e4t. | Aequivalent<\/title>\n<meta name=\"robots\" content=\"noindex, nofollow\" \/>\n<meta property=\"og:locale\" content=\"de_DE\" \/>\n<meta property=\"og:type\" content=\"article\" \/>\n<meta property=\"og:title\" content=\"Aktualisierte Einverst\u00e4ndniserkl\u00e4rung - Der Schutz Ihrer Daten hat f\u00fcr uns Priorit\u00e4t.\" \/>\n<meta property=\"og:url\" content=\"https:\/\/www.aequivalent.ch\/de\/aktualisierte-einverstaendniserklaerung-der-schutz-ihrer-daten-hat-fuer-uns-prioritaet\/\" \/>\n<meta property=\"og:site_name\" content=\"Aequivalent\" \/>\n<meta property=\"article:published_time\" content=\"2020-06-30T11:59:58+00:00\" \/>\n<meta property=\"article:modified_time\" content=\"2025-08-28T14:16:38+00:00\" \/>\n<meta property=\"og:image\" content=\"https:\/\/www.aequivalent.ch\/wp-content\/uploads\/2020\/06\/dataprotection2-1.png\" \/>\n\t<meta property=\"og:image:width\" content=\"1100\" \/>\n\t<meta property=\"og:image:height\" content=\"623\" \/>\n\t<meta property=\"og:image:type\" content=\"image\/png\" \/>\n<meta name=\"author\" content=\"Webmaster\" \/>\n<meta name=\"twitter:card\" content=\"summary_large_image\" \/>\n<meta name=\"twitter:label1\" content=\"Verfasst von\" \/>\n\t<meta name=\"twitter:data1\" content=\"Webmaster\" \/>\n\t<meta name=\"twitter:label2\" content=\"Gesch\u00e4tzte Lesezeit\" \/>\n\t<meta name=\"twitter:data2\" content=\"8\u00a0Minuten\" \/>\n<script type=\"application\/ld+json\" class=\"yoast-schema-graph\">{\"@context\":\"https:\\\/\\\/schema.org\",\"@graph\":[{\"@type\":\"Article\",\"@id\":\"https:\\\/\\\/www.aequivalent.ch\\\/de\\\/aktualisierte-einverstaendniserklaerung-der-schutz-ihrer-daten-hat-fuer-uns-prioritaet\\\/#article\",\"isPartOf\":{\"@id\":\"https:\\\/\\\/www.aequivalent.ch\\\/de\\\/aktualisierte-einverstaendniserklaerung-der-schutz-ihrer-daten-hat-fuer-uns-prioritaet\\\/\"},\"author\":{\"name\":\"Webmaster\",\"@id\":\"https:\\\/\\\/www.aequivalent.ch\\\/de\\\/#\\\/schema\\\/person\\\/a4ccfd8bd331104156059d50761eab76\"},\"headline\":\"Aktualisierte Einverst\u00e4ndniserkl\u00e4rung &#8211; Der Schutz Ihrer Daten hat f\u00fcr uns Priorit\u00e4t.\",\"datePublished\":\"2020-06-30T11:59:58+00:00\",\"dateModified\":\"2025-08-28T14:16:38+00:00\",\"mainEntityOfPage\":{\"@id\":\"https:\\\/\\\/www.aequivalent.ch\\\/de\\\/aktualisierte-einverstaendniserklaerung-der-schutz-ihrer-daten-hat-fuer-uns-prioritaet\\\/\"},\"wordCount\":1591,\"publisher\":{\"@id\":\"https:\\\/\\\/www.aequivalent.ch\\\/de\\\/#organization\"},\"image\":{\"@id\":\"https:\\\/\\\/www.aequivalent.ch\\\/de\\\/aktualisierte-einverstaendniserklaerung-der-schutz-ihrer-daten-hat-fuer-uns-prioritaet\\\/#primaryimage\"},\"thumbnailUrl\":\"https:\\\/\\\/www.aequivalent.ch\\\/wp-content\\\/uploads\\\/2020\\\/06\\\/dataprotection2-1.png\",\"articleSection\":[\"News\"],\"inLanguage\":\"de\"},{\"@type\":\"WebPage\",\"@id\":\"https:\\\/\\\/www.aequivalent.ch\\\/de\\\/aktualisierte-einverstaendniserklaerung-der-schutz-ihrer-daten-hat-fuer-uns-prioritaet\\\/\",\"url\":\"https:\\\/\\\/www.aequivalent.ch\\\/de\\\/aktualisierte-einverstaendniserklaerung-der-schutz-ihrer-daten-hat-fuer-uns-prioritaet\\\/\",\"name\":\"Aktualisierte Einverst\u00e4ndniserkl\u00e4rung - Der Schutz Ihrer Daten hat f\u00fcr uns Priorit\u00e4t. | Aequivalent\",\"isPartOf\":{\"@id\":\"https:\\\/\\\/www.aequivalent.ch\\\/de\\\/#website\"},\"primaryImageOfPage\":{\"@id\":\"https:\\\/\\\/www.aequivalent.ch\\\/de\\\/aktualisierte-einverstaendniserklaerung-der-schutz-ihrer-daten-hat-fuer-uns-prioritaet\\\/#primaryimage\"},\"image\":{\"@id\":\"https:\\\/\\\/www.aequivalent.ch\\\/de\\\/aktualisierte-einverstaendniserklaerung-der-schutz-ihrer-daten-hat-fuer-uns-prioritaet\\\/#primaryimage\"},\"thumbnailUrl\":\"https:\\\/\\\/www.aequivalent.ch\\\/wp-content\\\/uploads\\\/2020\\\/06\\\/dataprotection2-1.png\",\"datePublished\":\"2020-06-30T11:59:58+00:00\",\"dateModified\":\"2025-08-28T14:16:38+00:00\",\"breadcrumb\":{\"@id\":\"https:\\\/\\\/www.aequivalent.ch\\\/de\\\/aktualisierte-einverstaendniserklaerung-der-schutz-ihrer-daten-hat-fuer-uns-prioritaet\\\/#breadcrumb\"},\"inLanguage\":\"de\",\"potentialAction\":[{\"@type\":\"ReadAction\",\"target\":[\"https:\\\/\\\/www.aequivalent.ch\\\/de\\\/aktualisierte-einverstaendniserklaerung-der-schutz-ihrer-daten-hat-fuer-uns-prioritaet\\\/\"]}]},{\"@type\":\"ImageObject\",\"inLanguage\":\"de\",\"@id\":\"https:\\\/\\\/www.aequivalent.ch\\\/de\\\/aktualisierte-einverstaendniserklaerung-der-schutz-ihrer-daten-hat-fuer-uns-prioritaet\\\/#primaryimage\",\"url\":\"https:\\\/\\\/www.aequivalent.ch\\\/wp-content\\\/uploads\\\/2020\\\/06\\\/dataprotection2-1.png\",\"contentUrl\":\"https:\\\/\\\/www.aequivalent.ch\\\/wp-content\\\/uploads\\\/2020\\\/06\\\/dataprotection2-1.png\",\"width\":1100,\"height\":623,\"caption\":\"D\u00e9claration de consentement - Aequivalent\"},{\"@type\":\"BreadcrumbList\",\"@id\":\"https:\\\/\\\/www.aequivalent.ch\\\/de\\\/aktualisierte-einverstaendniserklaerung-der-schutz-ihrer-daten-hat-fuer-uns-prioritaet\\\/#breadcrumb\",\"itemListElement\":[{\"@type\":\"ListItem\",\"position\":1,\"name\":\"Home\",\"item\":\"https:\\\/\\\/www.aequivalent.ch\\\/de\\\/\"},{\"@type\":\"ListItem\",\"position\":2,\"name\":\"Aktualisierte Einverst\u00e4ndniserkl\u00e4rung &#8211; Der Schutz Ihrer Daten hat f\u00fcr uns Priorit\u00e4t.\"}]},{\"@type\":\"WebSite\",\"@id\":\"https:\\\/\\\/www.aequivalent.ch\\\/de\\\/#website\",\"url\":\"https:\\\/\\\/www.aequivalent.ch\\\/de\\\/\",\"name\":\"Aequivalent\",\"description\":\"Quality in employment\",\"publisher\":{\"@id\":\"https:\\\/\\\/www.aequivalent.ch\\\/de\\\/#organization\"},\"potentialAction\":[{\"@type\":\"SearchAction\",\"target\":{\"@type\":\"EntryPoint\",\"urlTemplate\":\"https:\\\/\\\/www.aequivalent.ch\\\/de\\\/?s={search_term_string}\"},\"query-input\":{\"@type\":\"PropertyValueSpecification\",\"valueRequired\":true,\"valueName\":\"search_term_string\"}}],\"inLanguage\":\"de\"},{\"@type\":\"Organization\",\"@id\":\"https:\\\/\\\/www.aequivalent.ch\\\/de\\\/#organization\",\"name\":\"Aequivalent\",\"url\":\"https:\\\/\\\/www.aequivalent.ch\\\/de\\\/\",\"logo\":{\"@type\":\"ImageObject\",\"inLanguage\":\"de\",\"@id\":\"https:\\\/\\\/www.aequivalent.ch\\\/de\\\/#\\\/schema\\\/logo\\\/image\\\/\",\"url\":\"https:\\\/\\\/www.aequivalent.ch\\\/wp-content\\\/uploads\\\/2021\\\/11\\\/logotype-aeq-rvb-bleu-300.png\",\"contentUrl\":\"https:\\\/\\\/www.aequivalent.ch\\\/wp-content\\\/uploads\\\/2021\\\/11\\\/logotype-aeq-rvb-bleu-300.png\",\"width\":8000,\"height\":1479,\"caption\":\"Aequivalent\"},\"image\":{\"@id\":\"https:\\\/\\\/www.aequivalent.ch\\\/de\\\/#\\\/schema\\\/logo\\\/image\\\/\"}},{\"@type\":\"Person\",\"@id\":\"https:\\\/\\\/www.aequivalent.ch\\\/de\\\/#\\\/schema\\\/person\\\/a4ccfd8bd331104156059d50761eab76\",\"name\":\"Webmaster\",\"image\":{\"@type\":\"ImageObject\",\"inLanguage\":\"de\",\"@id\":\"https:\\\/\\\/secure.gravatar.com\\\/avatar\\\/73d9711e06196cb069fb6ed94908e1dd1c482ba9be5c3f40339a94871bd8fab2?s=96&d=mm&r=g\",\"url\":\"https:\\\/\\\/secure.gravatar.com\\\/avatar\\\/73d9711e06196cb069fb6ed94908e1dd1c482ba9be5c3f40339a94871bd8fab2?s=96&d=mm&r=g\",\"contentUrl\":\"https:\\\/\\\/secure.gravatar.com\\\/avatar\\\/73d9711e06196cb069fb6ed94908e1dd1c482ba9be5c3f40339a94871bd8fab2?s=96&d=mm&r=g\",\"caption\":\"Webmaster\"}}]}<\/script>\n<!-- \/ Yoast SEO Premium plugin. -->","yoast_head_json":{"title":"Aktualisierte Einverst\u00e4ndniserkl\u00e4rung - Der Schutz Ihrer Daten hat f\u00fcr uns Priorit\u00e4t. | Aequivalent","robots":{"index":"noindex","follow":"nofollow"},"og_locale":"de_DE","og_type":"article","og_title":"Aktualisierte Einverst\u00e4ndniserkl\u00e4rung - Der Schutz Ihrer Daten hat f\u00fcr uns Priorit\u00e4t.","og_url":"https:\/\/www.aequivalent.ch\/de\/aktualisierte-einverstaendniserklaerung-der-schutz-ihrer-daten-hat-fuer-uns-prioritaet\/","og_site_name":"Aequivalent","article_published_time":"2020-06-30T11:59:58+00:00","article_modified_time":"2025-08-28T14:16:38+00:00","og_image":[{"width":1100,"height":623,"url":"https:\/\/www.aequivalent.ch\/wp-content\/uploads\/2020\/06\/dataprotection2-1.png","type":"image\/png"}],"author":"Webmaster","twitter_card":"summary_large_image","twitter_misc":{"Verfasst von":"Webmaster","Gesch\u00e4tzte Lesezeit":"8\u00a0Minuten"},"schema":{"@context":"https:\/\/schema.org","@graph":[{"@type":"Article","@id":"https:\/\/www.aequivalent.ch\/de\/aktualisierte-einverstaendniserklaerung-der-schutz-ihrer-daten-hat-fuer-uns-prioritaet\/#article","isPartOf":{"@id":"https:\/\/www.aequivalent.ch\/de\/aktualisierte-einverstaendniserklaerung-der-schutz-ihrer-daten-hat-fuer-uns-prioritaet\/"},"author":{"name":"Webmaster","@id":"https:\/\/www.aequivalent.ch\/de\/#\/schema\/person\/a4ccfd8bd331104156059d50761eab76"},"headline":"Aktualisierte Einverst\u00e4ndniserkl\u00e4rung &#8211; Der Schutz Ihrer Daten hat f\u00fcr uns Priorit\u00e4t.","datePublished":"2020-06-30T11:59:58+00:00","dateModified":"2025-08-28T14:16:38+00:00","mainEntityOfPage":{"@id":"https:\/\/www.aequivalent.ch\/de\/aktualisierte-einverstaendniserklaerung-der-schutz-ihrer-daten-hat-fuer-uns-prioritaet\/"},"wordCount":1591,"publisher":{"@id":"https:\/\/www.aequivalent.ch\/de\/#organization"},"image":{"@id":"https:\/\/www.aequivalent.ch\/de\/aktualisierte-einverstaendniserklaerung-der-schutz-ihrer-daten-hat-fuer-uns-prioritaet\/#primaryimage"},"thumbnailUrl":"https:\/\/www.aequivalent.ch\/wp-content\/uploads\/2020\/06\/dataprotection2-1.png","articleSection":["News"],"inLanguage":"de"},{"@type":"WebPage","@id":"https:\/\/www.aequivalent.ch\/de\/aktualisierte-einverstaendniserklaerung-der-schutz-ihrer-daten-hat-fuer-uns-prioritaet\/","url":"https:\/\/www.aequivalent.ch\/de\/aktualisierte-einverstaendniserklaerung-der-schutz-ihrer-daten-hat-fuer-uns-prioritaet\/","name":"Aktualisierte Einverst\u00e4ndniserkl\u00e4rung - Der Schutz Ihrer Daten hat f\u00fcr uns Priorit\u00e4t. | Aequivalent","isPartOf":{"@id":"https:\/\/www.aequivalent.ch\/de\/#website"},"primaryImageOfPage":{"@id":"https:\/\/www.aequivalent.ch\/de\/aktualisierte-einverstaendniserklaerung-der-schutz-ihrer-daten-hat-fuer-uns-prioritaet\/#primaryimage"},"image":{"@id":"https:\/\/www.aequivalent.ch\/de\/aktualisierte-einverstaendniserklaerung-der-schutz-ihrer-daten-hat-fuer-uns-prioritaet\/#primaryimage"},"thumbnailUrl":"https:\/\/www.aequivalent.ch\/wp-content\/uploads\/2020\/06\/dataprotection2-1.png","datePublished":"2020-06-30T11:59:58+00:00","dateModified":"2025-08-28T14:16:38+00:00","breadcrumb":{"@id":"https:\/\/www.aequivalent.ch\/de\/aktualisierte-einverstaendniserklaerung-der-schutz-ihrer-daten-hat-fuer-uns-prioritaet\/#breadcrumb"},"inLanguage":"de","potentialAction":[{"@type":"ReadAction","target":["https:\/\/www.aequivalent.ch\/de\/aktualisierte-einverstaendniserklaerung-der-schutz-ihrer-daten-hat-fuer-uns-prioritaet\/"]}]},{"@type":"ImageObject","inLanguage":"de","@id":"https:\/\/www.aequivalent.ch\/de\/aktualisierte-einverstaendniserklaerung-der-schutz-ihrer-daten-hat-fuer-uns-prioritaet\/#primaryimage","url":"https:\/\/www.aequivalent.ch\/wp-content\/uploads\/2020\/06\/dataprotection2-1.png","contentUrl":"https:\/\/www.aequivalent.ch\/wp-content\/uploads\/2020\/06\/dataprotection2-1.png","width":1100,"height":623,"caption":"D\u00e9claration de consentement - Aequivalent"},{"@type":"BreadcrumbList","@id":"https:\/\/www.aequivalent.ch\/de\/aktualisierte-einverstaendniserklaerung-der-schutz-ihrer-daten-hat-fuer-uns-prioritaet\/#breadcrumb","itemListElement":[{"@type":"ListItem","position":1,"name":"Home","item":"https:\/\/www.aequivalent.ch\/de\/"},{"@type":"ListItem","position":2,"name":"Aktualisierte Einverst\u00e4ndniserkl\u00e4rung &#8211; Der Schutz Ihrer Daten hat f\u00fcr uns Priorit\u00e4t."}]},{"@type":"WebSite","@id":"https:\/\/www.aequivalent.ch\/de\/#website","url":"https:\/\/www.aequivalent.ch\/de\/","name":"Aequivalent","description":"Quality in employment","publisher":{"@id":"https:\/\/www.aequivalent.ch\/de\/#organization"},"potentialAction":[{"@type":"SearchAction","target":{"@type":"EntryPoint","urlTemplate":"https:\/\/www.aequivalent.ch\/de\/?s={search_term_string}"},"query-input":{"@type":"PropertyValueSpecification","valueRequired":true,"valueName":"search_term_string"}}],"inLanguage":"de"},{"@type":"Organization","@id":"https:\/\/www.aequivalent.ch\/de\/#organization","name":"Aequivalent","url":"https:\/\/www.aequivalent.ch\/de\/","logo":{"@type":"ImageObject","inLanguage":"de","@id":"https:\/\/www.aequivalent.ch\/de\/#\/schema\/logo\/image\/","url":"https:\/\/www.aequivalent.ch\/wp-content\/uploads\/2021\/11\/logotype-aeq-rvb-bleu-300.png","contentUrl":"https:\/\/www.aequivalent.ch\/wp-content\/uploads\/2021\/11\/logotype-aeq-rvb-bleu-300.png","width":8000,"height":1479,"caption":"Aequivalent"},"image":{"@id":"https:\/\/www.aequivalent.ch\/de\/#\/schema\/logo\/image\/"}},{"@type":"Person","@id":"https:\/\/www.aequivalent.ch\/de\/#\/schema\/person\/a4ccfd8bd331104156059d50761eab76","name":"Webmaster","image":{"@type":"ImageObject","inLanguage":"de","@id":"https:\/\/secure.gravatar.com\/avatar\/73d9711e06196cb069fb6ed94908e1dd1c482ba9be5c3f40339a94871bd8fab2?s=96&d=mm&r=g","url":"https:\/\/secure.gravatar.com\/avatar\/73d9711e06196cb069fb6ed94908e1dd1c482ba9be5c3f40339a94871bd8fab2?s=96&d=mm&r=g","contentUrl":"https:\/\/secure.gravatar.com\/avatar\/73d9711e06196cb069fb6ed94908e1dd1c482ba9be5c3f40339a94871bd8fab2?s=96&d=mm&r=g","caption":"Webmaster"}}]}},"_links":{"self":[{"href":"https:\/\/www.aequivalent.ch\/de\/wp-json\/wp\/v2\/posts\/4940","targetHints":{"allow":["GET"]}}],"collection":[{"href":"https:\/\/www.aequivalent.ch\/de\/wp-json\/wp\/v2\/posts"}],"about":[{"href":"https:\/\/www.aequivalent.ch\/de\/wp-json\/wp\/v2\/types\/post"}],"author":[{"embeddable":true,"href":"https:\/\/www.aequivalent.ch\/de\/wp-json\/wp\/v2\/users\/6"}],"replies":[{"embeddable":true,"href":"https:\/\/www.aequivalent.ch\/de\/wp-json\/wp\/v2\/comments?post=4940"}],"version-history":[{"count":0,"href":"https:\/\/www.aequivalent.ch\/de\/wp-json\/wp\/v2\/posts\/4940\/revisions"}],"wp:featuredmedia":[{"embeddable":true,"href":"https:\/\/www.aequivalent.ch\/de\/wp-json\/wp\/v2\/media\/4928"}],"wp:attachment":[{"href":"https:\/\/www.aequivalent.ch\/de\/wp-json\/wp\/v2\/media?parent=4940"}],"wp:term":[{"taxonomy":"category","embeddable":true,"href":"https:\/\/www.aequivalent.ch\/de\/wp-json\/wp\/v2\/categories?post=4940"},{"taxonomy":"post_tag","embeddable":true,"href":"https:\/\/www.aequivalent.ch\/de\/wp-json\/wp\/v2\/tags?post=4940"}],"curies":[{"name":"wp","href":"https:\/\/api.w.org\/{rel}","templated":true}]}}